{"id":130,"date":"2014-04-14T07:01:32","date_gmt":"2014-04-14T07:01:32","guid":{"rendered":"http:\/\/gyldenlykke.wordpress.com\/?p=130"},"modified":"2014-04-14T07:01:32","modified_gmt":"2014-04-14T07:01:32","slug":"pobel-pubertets-prima-pa-frifot","status":"publish","type":"post","link":"https:\/\/prima.sysrq.info\/index.php\/2014\/04\/14\/pobel-pubertets-prima-pa-frifot\/","title":{"rendered":"P\u00f8bel pubertets Prima p\u00e5 frifot."},"content":{"rendered":"<p>Skal vi v\u00e6re \u00e6rlige, s\u00e5 er hun ikke s\u00e5 mye p\u00e5 frifot for tiden. Litt pga b\u00e5ndtvang, og mye pga sv\u00e6rt tette \u00f8rer!!!<\/p>\n<p>Alts\u00e5 kroppen har vokst, pelsen har vokst- dog tror jeg halvparten holder p\u00e5 \u00e5 falle av. Jeg trodde dalmiser r\u00f8ytet mye- nothing compared to a golden. Beina har futt og fart, tungen kan kysse og slafse, kroppen kan danse, hoppe og sprette(veldig god p\u00e5 spretting). Dog er hodet p\u00e5 ferie, rettere sagt hjernen. Den er n\u00e5 midlertidig stengt pga omm\u00f8blering(delvis shutdown). Den fungerer liksom ikke helt. Det er lys i \u00f8ynene- men det er d\u00e5rlig kontakt med fjernkontrollen.<\/p>\n<p>S\u00e5 strengt tatt s\u00e5 er hun sv\u00e6rt enkel golden pike. Hun er bare tidevis litt mye goldenpike. Og for gamle matm\u00f8dre som er vant til litt slappe lada&#8217;er er det tidevis hardt \u00e5 holde f\u00f8lge med en ferrari:)<\/p>\n<p>Vi var p\u00e5 dachstreff p\u00e5 Assev, og der var det sement i \u00f8ra, bomull mellom \u00f8ra og firehjulstrekk i bena. PHU. Og det er jo ingen sjangs til \u00e5 sette ho i en innhegning med andre, for ho hopper bare over hun. Fikk beskjed om at hun hadde for lange ben:)<\/p>\n<p>Det g\u00e5r bedre p\u00e5 tur. Jeg har v\u00e6rt superstreng, stoppet hver gang det har v\u00e6rt lyd. Halsb\u00e5nd=g\u00e5 pent. Og det har hjulpet, n\u00e5 kan vi klarer nesten hele turer uten piping, og slenging. Matmor er staere enn goldenfnutten:)(moahhaaahahahha)<\/p>\n<p>Matforsvaret er nesten helt borte, dog ikke p\u00e5 katten- der smeller det. Men jeg m\u00e5 v\u00e6re superstreng p\u00e5 dette ogs\u00e5, hun skal omg\u00e5s barn.<\/p>\n<p>Og over til barn. BARN er g\u00f8y sier Prima, eller hun sier det ikke- hun roper det!! BARN ER G\u00d8YYYYYY!!!!<br \/>\nDet hjelper jo ikke at barna synes at Prima er g\u00f8y ogs\u00e5, da blir det hele litt vilt og heftig. Og som vi alle vet det LIKER PRIMA. S\u00e5 her er det litt skadekontroll ute \u00e5 g\u00e5. Og selvkontroll!- og det er vanskelig hilsen barna og Prima. Men da f\u00e5r vi trene masse p\u00e5 det. Og i g\u00e5r kunne hun til og med sove:) Fremgang.<br \/>\nDog har jeg et problem, og jeg har faktisk hatt det med alle mine hunder.<br \/>\nDe h\u00f8rer p\u00e5 meg, g\u00e5r fint med meg p\u00e5 tur- alle andre driter de fullt i og viser de fingeren.<br \/>\nHo drar i b\u00e5ndet p\u00e5 tur( og hun er sterk til \u00e5 v\u00e6re s\u00e5 pitteliten), stikker av, vil ikke sitte eller andre ting p\u00e5 kommando. <\/p>\n<p>Hvordan trener dere inn at de skal h\u00f8re p\u00e5 andre folk????<br \/>\nOg gjerne med lite trening av andre mennesker for det fungere s\u00e5 d\u00e5rlig synes jeg. \ud83d\ude42<\/p>\n<p>Ellers er hun veldig flink til \u00e5 v\u00e6re rolig inne hos meg, sover mest, leker litt, og plager pysene. Ute i hagen kan hun v\u00e6re i timevis, og holde p\u00e5 for seg selv.<br \/>\nHun er enkel \u00e5 trene, dog har vi pga sykdom og jobb ikke f\u00e5tt v\u00e6rt p\u00e5 kurs de to siste gangene.<br \/>\nHun elsker \u00e5 trene, men helt \u00e6rlig hun er nok litt &laquo;dummere&raquo; enn dalmisen:)<br \/>\n Men hun er en enkel hund, og herlig hund. Men hun er i puberteten:)<\/p>\n","protected":false},"excerpt":{"rendered":"<p>Skal vi v\u00e6re \u00e6rlige, s\u00e5 er hun ikke s\u00e5 mye p\u00e5 frifot for tiden. Litt pga b\u00e5ndtvang, og mye pga sv\u00e6rt tette \u00f8rer!!! Alts\u00e5 kroppen har vokst, pelsen har vokst- dog tror jeg halvparten holder p\u00e5 \u00e5 falle av. Jeg trodde dalmiser r\u00f8ytet mye- nothing compared to a golden. Beina har futt og fart, tungen &hellip; <a href=\"https:\/\/prima.sysrq.info\/index.php\/2014\/04\/14\/pobel-pubertets-prima-pa-frifot\/\" class=\"more-link\">Fortsett \u00e5 lese <span class=\"screen-reader-text\">P\u00f8bel pubertets Prima p\u00e5 frifot.<\/span> <span class=\"meta-nav\">&rarr;<\/span><\/a><\/p>\n","protected":false},"author":2,"featured_media":0,"comment_status":"open","ping_status":"open","sticky":false,"template":"","format":"standard","meta":{"footnotes":""},"categories":[1],"tags":[],"class_list":["post-130","post","type-post","status-publish","format-standard","hentry","category-uncategorized"],"_links":{"self":[{"href":"https:\/\/prima.sysrq.info\/index.php\/wp-json\/wp\/v2\/posts\/130","targetHints":{"allow":["GET"]}}],"collection":[{"href":"https:\/\/prima.sysrq.info\/index.php\/wp-json\/wp\/v2\/posts"}],"about":[{"href":"https:\/\/prima.sysrq.info\/index.php\/wp-json\/wp\/v2\/types\/post"}],"author":[{"embeddable":true,"href":"https:\/\/prima.sysrq.info\/index.php\/wp-json\/wp\/v2\/users\/2"}],"replies":[{"embeddable":true,"href":"https:\/\/prima.sysrq.info\/index.php\/wp-json\/wp\/v2\/comments?post=130"}],"version-history":[{"count":0,"href":"https:\/\/prima.sysrq.info\/index.php\/wp-json\/wp\/v2\/posts\/130\/revisions"}],"wp:attachment":[{"href":"https:\/\/prima.sysrq.info\/index.php\/wp-json\/wp\/v2\/media?parent=130"}],"wp:term":[{"taxonomy":"category","embeddable":true,"href":"https:\/\/prima.sysrq.info\/index.php\/wp-json\/wp\/v2\/categories?post=130"},{"taxonomy":"post_tag","embeddable":true,"href":"https:\/\/prima.sysrq.info\/index.php\/wp-json\/wp\/v2\/tags?post=130"}],"curies":[{"name":"wp","href":"https:\/\/api.w.org\/{rel}","templated":true}]}}