{"id":17,"date":"2013-10-30T10:26:36","date_gmt":"2013-10-30T10:26:36","guid":{"rendered":"http:\/\/gyldenlykke.wordpress.com\/?p=17"},"modified":"2013-10-30T10:26:36","modified_gmt":"2013-10-30T10:26:36","slug":"litt-bilder-fra-dagene-som-er-gatt","status":"publish","type":"post","link":"https:\/\/prima.sysrq.info\/index.php\/2013\/10\/30\/litt-bilder-fra-dagene-som-er-gatt\/","title":{"rendered":"Litt bilder fra dagene som er g\u00e5tt"},"content":{"rendered":"<p>Vi har det greit, det g\u00e5r bedre og bedre. Hun er en lykkepille av dimensjoner, og er fasinert av de utroligste ting. Morratur og kveldstur g\u00e5r utrolig sent, for det er s\u00e5 mye som skal sjekkes ut. Vannpytter er supert, s\u00e5 at ho ikke likte vann er g\u00e5tt over. Hun liker fremdeles \u00e5 suse rundt i hagen alene, og bruke Basta som mopp. Det er litt d\u00e5rlig l\u00e6ringsevne p\u00e5 den katten tror jeg. Ho fotf\u00f8lger jo Prima, men ender jo opp som gulvmopp da&#8230;&#8230;<\/p>\n<p>Ellers er hun selvstendig som jeg har nevnt f\u00f8r, og er ikke spesielt opptatt av meg. Det jobber vi litt med.<br \/>\nHun gikk langt fra oss p\u00e5 tur i g\u00e5r, og mistet oss- heldigvis fant hun oss. Da fikk hun litt skrekken- godt det!<\/p>\n<p>Ellers har hun v\u00e6rt med p\u00e5 jobb, og der sjarmerte hun alle- og beit litt p\u00e5 alle. S\u00e5 n\u00e5 kjenner alle Prima:)<br \/>\nHun er utrolig milj\u00f8sterk, og er uredd og nysgjerrig.<\/p>\n<p><a href=\"http:\/\/s1365.photobucket.com\/user\/debej\/media\/montajseprima1_zps80f0416f.jpg.html\" target=\"_blank\"><img decoding=\"async\" src=\"http:\/\/i1365.photobucket.com\/albums\/r756\/debej\/montajseprima1_zps80f0416f.jpg\" border=\"0\" alt=\" photo montajseprima1_zps80f0416f.jpg\" \/><\/a><br \/>\nPrinsessa p\u00e5 haugen( den gule plastbalja)<br \/>\n<a href=\"http:\/\/s1365.photobucket.com\/user\/debej\/media\/Primadag4-7071_zps2a2acf6b.jpg.html\" target=\"_blank\"><img decoding=\"async\" src=\"http:\/\/i1365.photobucket.com\/albums\/r756\/debej\/Primadag4-7071_zps2a2acf6b.jpg\" border=\"0\" alt=\" photo Primadag4-7071_zps2a2acf6b.jpg\" \/><\/a><br \/>\nAgility tunnelen var jo bare g\u00f8y<br \/>\n<a href=\"http:\/\/s1365.photobucket.com\/user\/debej\/media\/Primadag4-7046_zpsed195f25.jpg.html\" target=\"_blank\"><img decoding=\"async\" src=\"http:\/\/i1365.photobucket.com\/albums\/r756\/debej\/Primadag4-7046_zpsed195f25.jpg\" border=\"0\" alt=\" photo Primadag4-7046_zpsed195f25.jpg\" \/><\/a><br \/>\nP\u00e5 vei opp tronen<br \/>\n<a href=\"http:\/\/s1365.photobucket.com\/user\/debej\/media\/Primadag4-7038_zps4f9e4c3f.jpg.html\" target=\"_blank\"><img decoding=\"async\" src=\"http:\/\/i1365.photobucket.com\/albums\/r756\/debej\/Primadag4-7038_zps4f9e4c3f.jpg\" border=\"0\" alt=\" photo Primadag4-7038_zps4f9e4c3f.jpg\" \/><\/a><br \/>\nhvem blir ikke sjarmert av dette??<\/p>\n<p><a href=\"http:\/\/s1365.photobucket.com\/user\/debej\/media\/Primadag4-7023_zps6814fa08.jpg.html\" target=\"_blank\"><img decoding=\"async\" src=\"http:\/\/i1365.photobucket.com\/albums\/r756\/debej\/Primadag4-7023_zps6814fa08.jpg\" border=\"0\" alt=\" photo Primadag4-7023_zps6814fa08.jpg\" \/><\/a><br \/>\n<a href=\"http:\/\/s1365.photobucket.com\/user\/debej\/media\/Primadag4-7013_zps0abe6ce3.jpg.html\" target=\"_blank\"><img decoding=\"async\" src=\"http:\/\/i1365.photobucket.com\/albums\/r756\/debej\/Primadag4-7013_zps0abe6ce3.jpg\" border=\"0\" alt=\" photo Primadag4-7013_zps0abe6ce3.jpg\" \/><\/a><br \/>\n<a href=\"http:\/\/s1365.photobucket.com\/user\/debej\/media\/Primadag4-7003_zps25bc1185.jpg.html\" target=\"_blank\"><img decoding=\"async\" src=\"http:\/\/i1365.photobucket.com\/albums\/r756\/debej\/Primadag4-7003_zps25bc1185.jpg\" border=\"0\" alt=\" photo Primadag4-7003_zps25bc1185.jpg\" \/><\/a><br \/>\nPrima og gulvmoppen Basta<\/p>\n<p>Vi pr\u00f8ver \u00e5 trene p\u00e5 dette ogs\u00e5!!!<\/p>\n","protected":false},"excerpt":{"rendered":"<p>Vi har det greit, det g\u00e5r bedre og bedre. Hun er en lykkepille av dimensjoner, og er fasinert av de utroligste ting. Morratur og kveldstur g\u00e5r utrolig sent, for det er s\u00e5 mye som skal sjekkes ut. Vannpytter er supert, s\u00e5 at ho ikke likte vann er g\u00e5tt over. Hun liker fremdeles \u00e5 suse rundt &hellip; <a href=\"https:\/\/prima.sysrq.info\/index.php\/2013\/10\/30\/litt-bilder-fra-dagene-som-er-gatt\/\" class=\"more-link\">Fortsett \u00e5 lese <span class=\"screen-reader-text\">Litt bilder fra dagene som er g\u00e5tt<\/span> <span class=\"meta-nav\">&rarr;<\/span><\/a><\/p>\n","protected":false},"author":2,"featured_media":0,"comment_status":"open","ping_status":"open","sticky":false,"template":"","format":"standard","meta":{"footnotes":""},"categories":[1],"tags":[22,66,94,119,157,219,223],"class_list":["post-17","post","type-post","status-publish","format-standard","hentry","category-uncategorized","tag-bilder","tag-golden-retriever","tag-katt","tag-lek","tag-prima","tag-tur","tag-valp"],"_links":{"self":[{"href":"https:\/\/prima.sysrq.info\/index.php\/wp-json\/wp\/v2\/posts\/17","targetHints":{"allow":["GET"]}}],"collection":[{"href":"https:\/\/prima.sysrq.info\/index.php\/wp-json\/wp\/v2\/posts"}],"about":[{"href":"https:\/\/prima.sysrq.info\/index.php\/wp-json\/wp\/v2\/types\/post"}],"author":[{"embeddable":true,"href":"https:\/\/prima.sysrq.info\/index.php\/wp-json\/wp\/v2\/users\/2"}],"replies":[{"embeddable":true,"href":"https:\/\/prima.sysrq.info\/index.php\/wp-json\/wp\/v2\/comments?post=17"}],"version-history":[{"count":0,"href":"https:\/\/prima.sysrq.info\/index.php\/wp-json\/wp\/v2\/posts\/17\/revisions"}],"wp:attachment":[{"href":"https:\/\/prima.sysrq.info\/index.php\/wp-json\/wp\/v2\/media?parent=17"}],"wp:term":[{"taxonomy":"category","embeddable":true,"href":"https:\/\/prima.sysrq.info\/index.php\/wp-json\/wp\/v2\/categories?post=17"},{"taxonomy":"post_tag","embeddable":true,"href":"https:\/\/prima.sysrq.info\/index.php\/wp-json\/wp\/v2\/tags?post=17"}],"curies":[{"name":"wp","href":"https:\/\/api.w.org\/{rel}","templated":true}]}}