{"id":21,"date":"2013-11-07T12:20:23","date_gmt":"2013-11-07T12:20:23","guid":{"rendered":"http:\/\/gyldenlykke.wordpress.com\/?p=21"},"modified":"2013-11-07T12:20:23","modified_gmt":"2013-11-07T12:20:23","slug":"valpen-12-uker","status":"publish","type":"post","link":"https:\/\/prima.sysrq.info\/index.php\/2013\/11\/07\/valpen-12-uker\/","title":{"rendered":"Valpen 12 uker"},"content":{"rendered":"<p>Prima er n\u00e5 i sin 12 uke, og det g\u00e5r fort i svingene:)<a href='http:\/\/www.mysmiley.net' title='smilies'><img src='http:\/\/www.mysmiley.net\/imgs\/smile\/animals\/animal0019.gif' alt='smilies' border='0'><\/a><\/p>\n<p>Denne uka har v\u00e6rt aktiv for lille fr\u00f8ken gylden.<br \/>\nP\u00e5 mandag var hun hos barnepasser, m\u00f8tte dachser( og en blanding), m\u00f8tte flere nye mennesker. Fikk en tr\u00f8tt valp hjem etter jobb- DEILIG.<br \/>\nP\u00e5 tirdag var hun hos min mor, mens jeg jobbet. De hadde jobbet i hagen, og hun hadde bitt naboen til blods<a href='http:\/\/www.mysmiley.net\/free-unhappy-smileys.php' title='unhappy smileys'><img src='http:\/\/www.mysmiley.net\/imgs\/smile\/rolleye\/rolleye0014.gif' alt='unhappy smileys' border='0'><\/a><br \/>\nP\u00e5 kvelden koste vi oss p\u00e5 personalm\u00f8te p\u00e5 jobb. Der sjarmerte ho halle, og sovnet til slutt under foredraget.<\/p>\n<p>P\u00e5 onsdag dro vil til en ny barnepasser, og der m\u00f8tte vi tre dachser som hun lekte s\u00e5 fint med. Det er dog mye lyd i den tuppa, s\u00e5 der m\u00e5 jeg nok g\u00e5 inn og dempe litt. Tisset inne gjorde hun ogs\u00e5. S\u00e5 kj\u00f8rte vi buss hjem, veldig sliten valp!! Fikk bes\u00f8k p\u00e5 kvelden av venninne, og ho ble sjarmert<br \/>\n<a href=\"http:\/\/s1365.photobucket.com\/user\/debej\/media\/2013\/Novalekoghytteturnov13149_zpsc953803c.jpg.html\" target=\"_blank\"><img decoding=\"async\" src=\"http:\/\/i1365.photobucket.com\/albums\/r756\/debej\/2013\/Novalekoghytteturnov13149_zpsc953803c.jpg\" border=\"0\" alt=\" photo Novalekoghytteturnov13149_zpsc953803c.jpg\" \/><\/a><br \/>\nI dag har vi v\u00e6rt hos dyrlegen. Veide 8kg, og var i fint hold. Ville dog  holde et \u00f8ye med \u00f8ynene da hun har hengende \u00f8yelokk- det h\u00e5per vi strammes opp n\u00e5r skallen vokser til.<br \/>\n<a href=\"http:\/\/s1365.photobucket.com\/user\/debej\/media\/2013\/Novalekoghytteturnov13148_zps19019698.jpg.html\" target=\"_blank\"><img decoding=\"async\" src=\"http:\/\/i1365.photobucket.com\/albums\/r756\/debej\/2013\/Novalekoghytteturnov13148_zps19019698.jpg\" border=\"0\" alt=\" photo Novalekoghytteturnov13148_zps19019698.jpg\" \/><\/a><\/p>\n<p>Siden det var et stykke \u00e5 g\u00e5, ble det til at jeg puttet henne i sekk, og det fungerte supert. Tror ho synes det var greit \u00e5 sitte der, og f\u00f8lge med.<br \/>\nTreningsmessig er det lite jeg trener, det er s\u00e5 mye annet som blir prioritert. Som sosialisering og milj\u00f8trening.<br \/>\nHun er utrolig selvstendig og uredd- alt er til for henne. Alt er g\u00f8y!<br \/>\n<a href=\"http:\/\/s1365.photobucket.com\/user\/debej\/media\/2013\/Novalekoghytteturnov13144_zps2d3fb8f3.jpg.html\" target=\"_blank\"><img decoding=\"async\" src=\"http:\/\/i1365.photobucket.com\/albums\/r756\/debej\/2013\/Novalekoghytteturnov13144_zps2d3fb8f3.jpg\" border=\"0\" alt=\" photo Novalekoghytteturnov13144_zps2d3fb8f3.jpg\" \/><\/a><br \/>\nBjeffingen m\u00e5 jeg ta tak i, men heldigvis er det kun under lek, og n\u00e5r hun blir veldig frustrert.<br \/>\nBitingen har eskalert, og hun biter hardt. Veldig g\u00f8y \u00e5 henge i buksebeina. Her m\u00e5 det klare linjer til.<br \/>\nSitt og dekk( uten kommando) er inne, likeledes sitt og vent.<br \/>\nDet g\u00e5r utrolig greit med hjemme alene treningen.<br \/>\n<a href=\"http:\/\/s1365.photobucket.com\/user\/debej\/media\/2013\/Novalekoghytteturnov13142_zpsb42a94c5.jpg.html\" target=\"_blank\"><img decoding=\"async\" src=\"http:\/\/i1365.photobucket.com\/albums\/r756\/debej\/2013\/Novalekoghytteturnov13142_zpsb42a94c5.jpg\" border=\"0\" alt=\" photo Novalekoghytteturnov13142_zpsb42a94c5.jpg\" \/><\/a><br \/>\nHun sover n\u00e5 hele natten igjennom( gjort hele tiden) men sover n\u00e5 n\u00e6rmere 8 timer<a href='http:\/\/www.mysmiley.net\/free-sad-smileys.php' title='sad smileys'><img src='http:\/\/www.mysmiley.net\/imgs\/smile\/love\/love0032.gif' alt='sad smileys' border='0'><\/a><br \/>\nMatmor fungere s\u00e5 mye bedre med s\u00f8vn.<br \/>\nVi har droppet kveldsturen. Jeg ble sur og kald, og hun bare vaset.<br \/>\nMed kattene s\u00e5 g\u00e5r det ikke s\u00e5 bra. Hyena er nesten p\u00e5 grensen til \u00e5 v\u00e6re farlig, s\u00e5 ho vurderes avlivet( har v\u00e6rt problem hele tiden med aggressivitet). Basta kan n\u00e5 sitte i ro, og det g\u00e5r greit. Bevegelse er derimot veldig vanskelig<br \/>\nHun har hatt overslagshandling med jokking to ganger, det er pga at det koker i hodet.<br \/>\nHun er ikke blitt flinkere til \u00e5 slappe av selv, jeg har tidevis innf\u00f8rt tvangsroing- dette hjelper.<br \/>\nHun spiser fremdeles 1 t\u00f8rt m\u00e5ltid og 2 vogh om dagen. Er i fint hold og har grei matlyst. Vurderer \u00e5 bytte t\u00f8rrfor, men er ikke sikker p\u00e5 hva.<br \/>\n<a href=\"http:\/\/s1365.photobucket.com\/user\/debej\/media\/2013\/Novalekoghytteturnov13140_zpsf3445a1b.jpg.html\" target=\"_blank\"><img decoding=\"async\" src=\"http:\/\/i1365.photobucket.com\/albums\/r756\/debej\/2013\/Novalekoghytteturnov13140_zpsf3445a1b.jpg\" border=\"0\" alt=\" photo Novalekoghytteturnov13140_zpsf3445a1b.jpg\" \/><\/a><br \/>\nJeg har lurt p\u00e5 om hun blir for mye aktivisert, men tror ikke det. Er jo en aktiv rase, og bare vi roer det veldig ned ellers s\u00e5 tror jeg det g\u00e5r greit.<br \/>\nSkal jeg stresse s\u00e5 er det kun en mnd igjen av vinduet, men jeg f\u00f8ler at jeg ikke trenger \u00e5 stresse. Hun er s\u00e5 god og trygg. Dog m\u00e5 jeg treffe flere hunder, gjerne store, fornuftige hunder. Ellers m\u00e5 vi vel trene litt mer m\u00e5lrettet fremover. Men det er s\u00e5 deilig \u00e5 bare kose seg i valpetida ogs\u00e5.<br \/>\nTing begynner \u00e5 bli for lite, takk for alle l\u00e5nte ting- ho vokser s\u00e5 det knaker.<\/p>\n<p>S\u00e5 s\u00e5nn g\u00e5r dagene her. Kos dere videre, og nyt h\u00f8sten\/vinteren.<\/p>\n","protected":false},"excerpt":{"rendered":"<p>Prima er n\u00e5 i sin 12 uke, og det g\u00e5r fort i svingene:) Denne uka har v\u00e6rt aktiv for lille fr\u00f8ken gylden. P\u00e5 mandag var hun hos barnepasser, m\u00f8tte dachser( og en blanding), m\u00f8tte flere nye mennesker. Fikk en tr\u00f8tt valp hjem etter jobb- DEILIG. P\u00e5 tirdag var hun hos min mor, mens jeg jobbet. &hellip; <a href=\"https:\/\/prima.sysrq.info\/index.php\/2013\/11\/07\/valpen-12-uker\/\" class=\"more-link\">Fortsett \u00e5 lese <span class=\"screen-reader-text\">Valpen 12 uker<\/span> <span class=\"meta-nav\">&rarr;<\/span><\/a><\/p>\n","protected":false},"author":2,"featured_media":0,"comment_status":"open","ping_status":"open","sticky":false,"template":"","format":"standard","meta":{"footnotes":""},"categories":[1],"tags":[10,22,24,37,66,83,94,119,157,219,223],"class_list":["post-21","post","type-post","status-publish","format-standard","hentry","category-uncategorized","tag-avknapp","tag-bilder","tag-blandingshund","tag-dachs","tag-golden-retriever","tag-innkalling","tag-katt","tag-lek","tag-prima","tag-tur","tag-valp"],"_links":{"self":[{"href":"https:\/\/prima.sysrq.info\/index.php\/wp-json\/wp\/v2\/posts\/21","targetHints":{"allow":["GET"]}}],"collection":[{"href":"https:\/\/prima.sysrq.info\/index.php\/wp-json\/wp\/v2\/posts"}],"about":[{"href":"https:\/\/prima.sysrq.info\/index.php\/wp-json\/wp\/v2\/types\/post"}],"author":[{"embeddable":true,"href":"https:\/\/prima.sysrq.info\/index.php\/wp-json\/wp\/v2\/users\/2"}],"replies":[{"embeddable":true,"href":"https:\/\/prima.sysrq.info\/index.php\/wp-json\/wp\/v2\/comments?post=21"}],"version-history":[{"count":0,"href":"https:\/\/prima.sysrq.info\/index.php\/wp-json\/wp\/v2\/posts\/21\/revisions"}],"wp:attachment":[{"href":"https:\/\/prima.sysrq.info\/index.php\/wp-json\/wp\/v2\/media?parent=21"}],"wp:term":[{"taxonomy":"category","embeddable":true,"href":"https:\/\/prima.sysrq.info\/index.php\/wp-json\/wp\/v2\/categories?post=21"},{"taxonomy":"post_tag","embeddable":true,"href":"https:\/\/prima.sysrq.info\/index.php\/wp-json\/wp\/v2\/tags?post=21"}],"curies":[{"name":"wp","href":"https:\/\/api.w.org\/{rel}","templated":true}]}}