{"id":2350,"date":"2016-07-09T13:48:12","date_gmt":"2016-07-09T13:48:12","guid":{"rendered":"https:\/\/gyldenlykke.wordpress.com\/?p=2350"},"modified":"2016-07-09T13:48:12","modified_gmt":"2016-07-09T13:48:12","slug":"nye-ovelser-og-regler-i-kl-2-i-lydighet","status":"publish","type":"post","link":"https:\/\/prima.sysrq.info\/index.php\/2016\/07\/09\/nye-ovelser-og-regler-i-kl-2-i-lydighet\/","title":{"rendered":"Nye \u00f8velser og regler i Kl 2 i lydighet"},"content":{"rendered":"<p>Som sagt f\u00f8r, jeg er veldig glad for at de nye reglene ble som de ble. Og jeg har jo faktisk planer om \u00e5 starte i kl 2. Og alle som kjenner meg, vet at hvis jeg f\u00f8rst skal \u00a0starte- s\u00e5 gj\u00f8r jeg det skikkelig. Jeg har som plan \u00e5 starte i kl 2 p\u00e5 sommer\/h\u00f8st i 2017. Jeg vil at \u00f8velsene skal sitte skikkelig. Prima har lettl\u00e6rt, men har sine problemer med stress\/intensitet og det at hun avogtil tenker selv, og glemmer \u00e5 h\u00f8re etter.<\/p>\n<p>Men la oss ta ta for oss \u00f8velsene:<\/p>\n<p><span style=\"color:#ff0000;\">Vi mister fellesdekken med skjult f\u00f8rer, det synes jeg nesten bare er bra. Det er en \u00f8velse vi sliter med.<\/span><\/p>\n<p><span style=\"color:#000000;\">Fellessitt i 1 min med synlig f\u00f8rer<\/span><\/p>\n<p><span style=\"color:#0000ff;\">Spennende, denne pleide jo \u00e5 v\u00e6re i kl 3. Er veldig glad det er med synlig f\u00f8rer og kun ett minutt.\u00a0<\/span><\/p>\n<p><span style=\"color:#000000;\">Fri ved fot- er akkurat som f\u00f8r<\/span><\/p>\n<p>St\u00e5 under marsj- er akkurat som f\u00f8r<\/p>\n<p>Innkalling fra sitt med st\u00e5- er akkurat som f\u00f8r. Denne jobbes det hardt med. M\u00e5 lage en god plan for \u00e5 f\u00e5 en knallst\u00e5.<\/p>\n<p>Fremadsending til ruta med dekk.Det er 15 meter til ruta, hunden skal legges ned i ruta. F\u00f8rer marsjerer mot ruta- helt om marsj ca 2 meter fra ruta- s\u00e5 skal hunden kalles inn etter tre meters marsj.<\/p>\n<p><span style=\"color:#ff0000;\">Dette blir en g\u00f8yal \u00f8velse, dog er jeg usikker p\u00e5 hvordan jeg legger den opp. Har v\u00e6rt innom \u00e5 sjekke flere m\u00e5ter \u00e5 l\u00e6re den inn p\u00e5- f\u00e5r se hva jeg lander p\u00e5.<\/span><\/p>\n<p><span style=\"color:#000000;\">Apportering ny utf\u00f8relse.F\u00f8reren g\u00e5r fra den sittende hunden, legger ned apporten ca 1 meter foran hunden, g\u00e5r s\u00e5 10 meter til.F\u00f8rer kaller inn\/apportering til hunden med utgangstilling<\/span><\/p>\n<p><span style=\"color:#0000ff;\">Her er det mye nytt. Men virker som det er noe lettere. Hunden skal l\u00f8pe mot en, ta apporten s\u00e5 i utgangstilling. Her er det om \u00e5 gj\u00f8re \u00f8velsen s\u00e5 pen som mulig med minst mulig tygging og fjas- noe Prima ikke er god p\u00e5. her har vi en jobb \u00e5 gj\u00f8re.<\/span><\/p>\n<p><span style=\"color:#000000;\">Hopp over \u00e5pent hinder. Samme som i kl 1, men med \u00e5pent hinder som brukes i FCI3<\/span><\/p>\n<p><span style=\"color:#ff0000;\">Ser jo for meg at Prima velger \u00e5 smyge seg under, juhu liksom. Dette m\u00e5 virkelig jobbes med.\u00a0<\/span><\/p>\n<p><span style=\"color:#000000;\">Avstand- som f\u00f8r.<\/span><\/p>\n<p>Helhet som f\u00f8r<\/p>\n<p><span style=\"color:#99cc00;\">Kjenner veldig p\u00e5 at jeg har veldig lyst p\u00e5 et kurs til neste \u00e5r, trenger \u00e5 f\u00e5 en dytt i ryggen ang kl 2.\u00a0<\/span><\/p>\n<p><img loading=\"lazy\" decoding=\"async\" class=\"alignnone size-full wp-image-1827\" src=\"https:\/\/gyldenlykke.files.wordpress.com\/2016\/04\/img_4852.jpg\" alt=\"IMG_4852\" width=\"5472\" height=\"3648\" \/><\/p>\n<p>Men det skal bli g\u00f8y \u00e5 trene p\u00e5 noe helt nytt. Men jeg m\u00e5 huske p\u00e5 \u00e5 gi det tid, bruke god tid og l\u00e6re ting inn skikkelig. Jeg ble jo ikke god i kl 1 f\u00f8r etter et helt \u00e5r.<\/p>\n<p>Men kanskje vi debuterer i ringen i kl 2 neste \u00e5r.<\/p>\n<p>&nbsp;<\/p>\n","protected":false},"excerpt":{"rendered":"<p>Som sagt f\u00f8r, jeg er veldig glad for at de nye reglene ble som de ble. Og jeg har jo faktisk planer om \u00e5 starte i kl 2. Og alle som kjenner meg, vet at hvis jeg f\u00f8rst skal \u00a0starte- s\u00e5 gj\u00f8r jeg det skikkelig. Jeg har som plan \u00e5 starte i kl 2 p\u00e5 &hellip; <a href=\"https:\/\/prima.sysrq.info\/index.php\/2016\/07\/09\/nye-ovelser-og-regler-i-kl-2-i-lydighet\/\" class=\"more-link\">Fortsett \u00e5 lese <span class=\"screen-reader-text\">Nye \u00f8velser og regler i Kl 2 i lydighet<\/span> <span class=\"meta-nav\">&rarr;<\/span><\/a><\/p>\n","protected":false},"author":2,"featured_media":0,"comment_status":"open","ping_status":"open","sticky":false,"template":"","format":"standard","meta":{"footnotes":""},"categories":[1],"tags":[6,49,59,102,119,126,13,170,196,197],"class_list":["post-2350","post","type-post","status-publish","format-standard","hentry","category-uncategorized","tag-apport","tag-fellessitt","tag-fvf","tag-klasse-2","tag-lek","tag-lydighet","tag-ovelser","tag-ruta","tag-sta-under-marsj","tag-stevne"],"_links":{"self":[{"href":"https:\/\/prima.sysrq.info\/index.php\/wp-json\/wp\/v2\/posts\/2350","targetHints":{"allow":["GET"]}}],"collection":[{"href":"https:\/\/prima.sysrq.info\/index.php\/wp-json\/wp\/v2\/posts"}],"about":[{"href":"https:\/\/prima.sysrq.info\/index.php\/wp-json\/wp\/v2\/types\/post"}],"author":[{"embeddable":true,"href":"https:\/\/prima.sysrq.info\/index.php\/wp-json\/wp\/v2\/users\/2"}],"replies":[{"embeddable":true,"href":"https:\/\/prima.sysrq.info\/index.php\/wp-json\/wp\/v2\/comments?post=2350"}],"version-history":[{"count":0,"href":"https:\/\/prima.sysrq.info\/index.php\/wp-json\/wp\/v2\/posts\/2350\/revisions"}],"wp:attachment":[{"href":"https:\/\/prima.sysrq.info\/index.php\/wp-json\/wp\/v2\/media?parent=2350"}],"wp:term":[{"taxonomy":"category","embeddable":true,"href":"https:\/\/prima.sysrq.info\/index.php\/wp-json\/wp\/v2\/categories?post=2350"},{"taxonomy":"post_tag","embeddable":true,"href":"https:\/\/prima.sysrq.info\/index.php\/wp-json\/wp\/v2\/tags?post=2350"}],"curies":[{"name":"wp","href":"https:\/\/api.w.org\/{rel}","templated":true}]}}