{"id":3033,"date":"2017-01-11T10:24:35","date_gmt":"2017-01-11T09:24:35","guid":{"rendered":"http:\/\/prima.sysrq.info\/?p=3033"},"modified":"2017-01-11T10:24:35","modified_gmt":"2017-01-11T09:24:35","slug":"hvor-star-vi-na-da","status":"publish","type":"post","link":"https:\/\/prima.sysrq.info\/index.php\/2017\/01\/11\/hvor-star-vi-na-da\/","title":{"rendered":"Hvor st\u00e5r vi n\u00e5 da?"},"content":{"rendered":"<p>Vi st\u00e5r litt i limbo. Litt s\u00e5nn ferieaktig. Vi har jo tross alt hvile\u00e5r i \u00e5r:)<\/p>\n<p>Jeg klarte de m\u00e5lene jeg hadde satt meg i fjor, og det gikk veldig bra. Jeg er forn\u00f8yd med det vi klarte \u00e5 oppn\u00e5, og f\u00f8ler vi kom langt i hva vi forventet av oss selv.<\/p>\n<p>I \u00e5r har jeg til tross for hvile\u00e5r, gjort noen grep for \u00e5 holde oss p\u00e5 rett plass.<\/p>\n<p>Jeg har allerede et kurs p\u00e5 plass, som vi snart skal p\u00e5. Jeg har to andre i tankene som jeg har veldig lyst til \u00e5 g\u00e5 p\u00e5.<\/p>\n<p>Planene mine i \u00e5r, er litt l\u00f8sere, vagere- kanskje feigere. Jeg satser ikke s\u00e5 mye i \u00e5r, jeg skal pr\u00f8ve \u00e5 kose meg med opplevelsen.<\/p>\n<p><img loading=\"lazy\" decoding=\"async\" class=\"alignnone size-medium wp-image-3034\" src=\"http:\/\/prima.sysrq.info\/wp-content\/uploads\/2017\/01\/IMG_8718-300x200.jpg\" alt=\"\" width=\"300\" height=\"200\" srcset=\"https:\/\/prima.sysrq.info\/wp-content\/uploads\/2017\/01\/IMG_8718-300x200.jpg 300w, https:\/\/prima.sysrq.info\/wp-content\/uploads\/2017\/01\/IMG_8718-150x100.jpg 150w, https:\/\/prima.sysrq.info\/wp-content\/uploads\/2017\/01\/IMG_8718-768x512.jpg 768w, https:\/\/prima.sysrq.info\/wp-content\/uploads\/2017\/01\/IMG_8718-1501x1001.jpg 1501w, https:\/\/prima.sysrq.info\/wp-content\/uploads\/2017\/01\/IMG_8718-1200x800.jpg 1200w, https:\/\/prima.sysrq.info\/wp-content\/uploads\/2017\/01\/IMG_8718.jpg 1920w\" sizes=\"auto, (max-width: 300px) 100vw, 300px\" \/><\/p>\n<p>Jeg skal g\u00e5 for hygge fremfor konkurranser.<\/p>\n<p>Jeg har planer og h\u00e5p om at i l\u00f8pet av \u00e5ret, skal vi fors\u00f8ke oss p\u00e5 tre napp i Rally3.<\/p>\n<p>Jeg skal starte minst en gang i kl 2, hva som skjer da, kommer til \u00e5 forme hva som skjer videre.<\/p>\n<p>Jeg har samme kriterier for konkurranser som tideligere:<\/p>\n<p>Jeg skal f\u00f8le at vi flyter, at vi gj\u00f8r \u00f8velsene til n\u00e6rmere 10, at vi kan \u00f8velsene selv med store forstyrrelser, jeg skal og Prima skal vite hva vi skal.<\/p>\n<p>I \u00e5r skal jeg ta tyrene ved hornene, og utfordre meg selv til \u00e5 takle null og disk- rett og slett pr\u00f8ve \u00e5 godta det.<\/p>\n<p>Og ellers koser meg p\u00e5 trening og konkurranser- selv om jeg bare er heiagjeng.<\/p>\n<p>S\u00e5 f\u00e5r vi se koss det g\u00e5r&#8230;&#8230;..<\/p>\n","protected":false},"excerpt":{"rendered":"<p>Vi st\u00e5r litt i limbo. Litt s\u00e5nn ferieaktig. Vi har jo tross alt hvile\u00e5r i \u00e5r:) Jeg klarte de m\u00e5lene jeg hadde satt meg i fjor, og det gikk veldig bra. Jeg er forn\u00f8yd med det vi klarte \u00e5 oppn\u00e5, og f\u00f8ler vi kom langt i hva vi forventet av oss selv. I \u00e5r har &hellip; <a href=\"https:\/\/prima.sysrq.info\/index.php\/2017\/01\/11\/hvor-star-vi-na-da\/\" class=\"more-link\">Fortsett \u00e5 lese <span class=\"screen-reader-text\">Hvor st\u00e5r vi n\u00e5 da?<\/span> <span class=\"meta-nav\">&rarr;<\/span><\/a><\/p>\n","protected":false},"author":2,"featured_media":0,"comment_status":"open","ping_status":"open","sticky":false,"template":"","format":"standard","meta":{"footnotes":""},"categories":[1],"tags":[106,107,126,163,197],"class_list":["post-3033","post","type-post","status-publish","format-standard","hentry","category-uncategorized","tag-konkurransepsykologi","tag-konkurranser","tag-lydighet","tag-rallylydighet","tag-stevne"],"_links":{"self":[{"href":"https:\/\/prima.sysrq.info\/index.php\/wp-json\/wp\/v2\/posts\/3033","targetHints":{"allow":["GET"]}}],"collection":[{"href":"https:\/\/prima.sysrq.info\/index.php\/wp-json\/wp\/v2\/posts"}],"about":[{"href":"https:\/\/prima.sysrq.info\/index.php\/wp-json\/wp\/v2\/types\/post"}],"author":[{"embeddable":true,"href":"https:\/\/prima.sysrq.info\/index.php\/wp-json\/wp\/v2\/users\/2"}],"replies":[{"embeddable":true,"href":"https:\/\/prima.sysrq.info\/index.php\/wp-json\/wp\/v2\/comments?post=3033"}],"version-history":[{"count":1,"href":"https:\/\/prima.sysrq.info\/index.php\/wp-json\/wp\/v2\/posts\/3033\/revisions"}],"predecessor-version":[{"id":3035,"href":"https:\/\/prima.sysrq.info\/index.php\/wp-json\/wp\/v2\/posts\/3033\/revisions\/3035"}],"wp:attachment":[{"href":"https:\/\/prima.sysrq.info\/index.php\/wp-json\/wp\/v2\/media?parent=3033"}],"wp:term":[{"taxonomy":"category","embeddable":true,"href":"https:\/\/prima.sysrq.info\/index.php\/wp-json\/wp\/v2\/categories?post=3033"},{"taxonomy":"post_tag","embeddable":true,"href":"https:\/\/prima.sysrq.info\/index.php\/wp-json\/wp\/v2\/tags?post=3033"}],"curies":[{"name":"wp","href":"https:\/\/api.w.org\/{rel}","templated":true}]}}