{"id":3059,"date":"2017-02-28T09:53:53","date_gmt":"2017-02-28T08:53:53","guid":{"rendered":"http:\/\/prima.sysrq.info\/?p=3059"},"modified":"2017-02-28T09:53:53","modified_gmt":"2017-02-28T08:53:53","slug":"bestemt-og-sterk","status":"publish","type":"post","link":"https:\/\/prima.sysrq.info\/index.php\/2017\/02\/28\/bestemt-og-sterk\/","title":{"rendered":"Bestemt og sterk"},"content":{"rendered":"<p><img loading=\"lazy\" decoding=\"async\" class=\"alignnone size-full wp-image-1969\" src=\"http:\/\/prima.sysrq.info\/wp-content\/uploads\/2016\/04\/img_7872-e1479206083199.jpg\" alt=\"\" width=\"1920\" height=\"1280\" \/><\/p>\n<p><strong>Jeg har etter n\u00f8ye og tankefull prosess, og hvor jeg ogs\u00e5 har lyttet til magef\u00f8lelsen bestemt at: jeg ikke stiller i SA i v\u00e5r. <\/strong><\/p>\n<p><strong>Det har v\u00e6rt planen min hele veien, og jeg\u00a0 har bare overveid det pga at flere har sagt at jeg m\u00e5 bare satse og bruke det som trening. Jo tanken er god, men da m\u00e5 ogs\u00e5 den tobente( som er med) f\u00e5 med seg mentalt, at det er ok \u00e5 g\u00e5 inn i ringen med null, og f\u00e5 null. Og der er jeg ikke enda. Det er noe jeg jobber med, men jeg vet ogs\u00e5 at hvis jeg presser for hardt s\u00e5 blir hele opplevelsen negativ- og da tviler jeg p\u00e5 at lysten til \u00e5 konkurerre blir st\u00f8rre. <\/strong><\/p>\n<p><strong>Bare at jeg har nesten godtatt at 8 er greit er jo et stort fremskritt for meg. Vi snakker om en person som for et \u00e5r siden, kasta opp ved tanken p\u00e5 \u00e5 konkurrere, og ble kvalm hvis en fikk mindre enn 10. Jeg har forandret meg, men jeg er blond og gammel- da g\u00e5r ikke ting s\u00e5 fort:)<\/strong><\/p>\n<p><strong>Jeg skal ogs\u00e5 konkurrere i rally om ikke lenge, og har en del igjen der. S\u00e5 jeg kjenner ogs\u00e5 at jeg ikke orker mer. La oss ta en oppsummering av hvordan det ser ut s\u00e5langt.<\/strong><\/p>\n<p>Rally:<\/p>\n<ul>\n<li>Rygg med f\u00f8rer- g\u00e5r men Prima rygger mye f\u00f8r jeg begynner, og er langt bak meg.<\/li>\n<li>Rygg foran- ryggestepping tror jeg vi klarer det. Og hun setter seg foran i stedet for st\u00e5 1 av 8 ganger.<\/li>\n<li>Tunnelen- er blitt mye bedre, men det blir veldig mange dobbeltkommandoer for \u00e5 holde ho i sjakk.<\/li>\n<li>Lengdehinderen- her synes Prima ofte, for ofte, at det er helt greit \u00e5 g\u00e5 over. Jeg m\u00e5 \u00f8ke farten, men allikavel ikke helt bra.<\/li>\n<li>Ber\u00f8ring- Prima liker det ikke, f\u00f8rer til mange dobbeltkommandoer<\/li>\n<li>Generelt er det mye dobbeltkommandoer jeg har latt slippe igjennom.<\/li>\n<li>Og jeg har ikke engang tatt med alt rundt som kan skje&#8230;<\/li>\n<\/ul>\n<p>Her kommer jeg p\u00e5 et stevne jeg ikke er godt nok forberedt p\u00e5, og har faktisk i tankene at vi godt kan g\u00e5 p\u00e5 en disk. Og at jeg ikke har lov til \u00e5 bli sur, motl\u00f8s eller sint.Jeg vet hva jeg g\u00e5r inn i.<\/p>\n<p>Her kjenner jeg p\u00e5 angsten for \u00e5 ikke v\u00e6re god nok, for \u00e5 f\u00e5 disk, for \u00e5 gj\u00f8re feil, og vissheten om at vi ikke er forberedt men at vi pr\u00f8ver okke som. Dette er noe av det t\u00f8ffeste jeg har gjort p\u00e5 lenge.<\/p>\n<p>P\u00e5 lydigheten ligger vi lys\u00e5r unna&#8230; s\u00e5 vi konkluderer med at mi m\u00e5 begge i team Prima \u00f8ve mer, p\u00e5 b\u00e5de det ene og andre.<\/p>\n","protected":false},"excerpt":{"rendered":"<p>Jeg har etter n\u00f8ye og tankefull prosess, og hvor jeg ogs\u00e5 har lyttet til magef\u00f8lelsen bestemt at: jeg ikke stiller i SA i v\u00e5r. Det har v\u00e6rt planen min hele veien, og jeg\u00a0 har bare overveid det pga at flere har sagt at jeg m\u00e5 bare satse og bruke det som trening. Jo tanken er &hellip; <a href=\"https:\/\/prima.sysrq.info\/index.php\/2017\/02\/28\/bestemt-og-sterk\/\" class=\"more-link\">Fortsett \u00e5 lese <span class=\"screen-reader-text\">Bestemt og sterk<\/span> <span class=\"meta-nav\">&rarr;<\/span><\/a><\/p>\n","protected":false},"author":2,"featured_media":0,"comment_status":"open","ping_status":"open","sticky":false,"template":"","format":"standard","meta":{"footnotes":""},"categories":[1],"tags":[107,134,163,197,214],"class_list":["post-3059","post","type-post","status-publish","format-standard","hentry","category-uncategorized","tag-konkurranser","tag-mentaltrening","tag-rallylydighet","tag-stevne","tag-trening"],"_links":{"self":[{"href":"https:\/\/prima.sysrq.info\/index.php\/wp-json\/wp\/v2\/posts\/3059","targetHints":{"allow":["GET"]}}],"collection":[{"href":"https:\/\/prima.sysrq.info\/index.php\/wp-json\/wp\/v2\/posts"}],"about":[{"href":"https:\/\/prima.sysrq.info\/index.php\/wp-json\/wp\/v2\/types\/post"}],"author":[{"embeddable":true,"href":"https:\/\/prima.sysrq.info\/index.php\/wp-json\/wp\/v2\/users\/2"}],"replies":[{"embeddable":true,"href":"https:\/\/prima.sysrq.info\/index.php\/wp-json\/wp\/v2\/comments?post=3059"}],"version-history":[{"count":1,"href":"https:\/\/prima.sysrq.info\/index.php\/wp-json\/wp\/v2\/posts\/3059\/revisions"}],"predecessor-version":[{"id":3060,"href":"https:\/\/prima.sysrq.info\/index.php\/wp-json\/wp\/v2\/posts\/3059\/revisions\/3060"}],"wp:attachment":[{"href":"https:\/\/prima.sysrq.info\/index.php\/wp-json\/wp\/v2\/media?parent=3059"}],"wp:term":[{"taxonomy":"category","embeddable":true,"href":"https:\/\/prima.sysrq.info\/index.php\/wp-json\/wp\/v2\/categories?post=3059"},{"taxonomy":"post_tag","embeddable":true,"href":"https:\/\/prima.sysrq.info\/index.php\/wp-json\/wp\/v2\/tags?post=3059"}],"curies":[{"name":"wp","href":"https:\/\/api.w.org\/{rel}","templated":true}]}}