{"id":3199,"date":"2017-05-01T16:23:21","date_gmt":"2017-05-01T14:23:21","guid":{"rendered":"http:\/\/prima.sysrq.info\/?p=3199"},"modified":"2017-05-01T16:25:52","modified_gmt":"2017-05-01T14:25:52","slug":"starka-tilsammans-del-1","status":"publish","type":"post","link":"https:\/\/prima.sysrq.info\/index.php\/2017\/05\/01\/starka-tilsammans-del-1\/","title":{"rendered":"Starka tilsammans del 1"},"content":{"rendered":"<p><em>Jeg holder for tiden p\u00e5 med \u00e5 lese boken: Starka tilsammans i traning, tavling og tanke av Jenny Wib\u00e2ck. Og i den boken stiller hun flere sp\u00f8rsm\u00e5l som du som leser m\u00e5 svare p\u00e5. Og siden jeg bruker denne bloggen, som dagbok, treningslogg, og mentalttreningshjelp s\u00e5 svarer jeg p\u00e5 svarene her. <\/em><\/p>\n<p>Det hun lurer p\u00e5 er hvordan ser min treningsfilosofi ut:<\/p>\n<p>F\u00f8rste sp\u00f8rsm\u00e5l er:<\/p>\n<p>Hvorfor har du hund?<\/p>\n<ul>\n<li>For \u00e5 ha en bestevenn i tykt og tynt, en som er der<\/li>\n<li>For selskap, og for \u00e5 v\u00e6re der for noen<\/li>\n<li>For en f\u00e5r s\u00e5 mye sosialt milj\u00f8 ved siden av<\/li>\n<li>en l\u00e6rer mye, en f\u00e5r innblikk i andre treningsideer, andre m\u00e5ter \u00e5 l\u00e6re ting p\u00e5, en f\u00e5r oppleve denne rasen versus andre raser.<\/li>\n<li>De f\u00e5r en ut p\u00e5 tur, og en f\u00e5r fine naturopplevelser, og bedre helse<\/li>\n<li>De er gode for det mentale, de er der n\u00e5r ting butter, og kan f\u00e5 deg til \u00e5 tenke p\u00e5 andre ting<\/li>\n<li>For \u00e5 v\u00e6re ute \u00e5 v\u00e6re fysisk, syklekompis, kl\u00f8vkompis, badekompis osv<\/li>\n<li>noen \u00e5 v\u00e6re n\u00e6r<\/li>\n<li>en treningskamerat<\/li>\n<li>Vi blir et team<\/li>\n<li>en f\u00e5r oppleve mye g\u00f8y med andre hundefolk<\/li>\n<li>en l\u00e6rer hele tiden noe nytt<\/li>\n<li>en l\u00e6rer \u00e5 ha tro p\u00e5 seg selv, og tillit til hunden sin<\/li>\n<\/ul>\n<p>Det er hvertfall noen punkter, har du andre?<\/p>\n<p><img loading=\"lazy\" decoding=\"async\" class=\"alignnone wp-image-3077 size-full\" src=\"http:\/\/prima.sysrq.info\/wp-content\/uploads\/2017\/03\/IMG_3776.jpg\" alt=\"\" width=\"1920\" height=\"1280\" srcset=\"https:\/\/prima.sysrq.info\/wp-content\/uploads\/2017\/03\/IMG_3776.jpg 1920w, https:\/\/prima.sysrq.info\/wp-content\/uploads\/2017\/03\/IMG_3776-150x100.jpg 150w, https:\/\/prima.sysrq.info\/wp-content\/uploads\/2017\/03\/IMG_3776-300x200.jpg 300w, https:\/\/prima.sysrq.info\/wp-content\/uploads\/2017\/03\/IMG_3776-768x512.jpg 768w, https:\/\/prima.sysrq.info\/wp-content\/uploads\/2017\/03\/IMG_3776-1501x1001.jpg 1501w, https:\/\/prima.sysrq.info\/wp-content\/uploads\/2017\/03\/IMG_3776-1200x800.jpg 1200w\" sizes=\"auto, (max-width: 1920px) 100vw, 1920px\" \/><\/p>\n<p>Neste sp\u00f8rsm\u00e5l var:<\/p>\n<p>Hva vil du trene med din hund og hvorfor:<\/p>\n<ul>\n<li>lydighet, fordi en alltid trenger lydighet for \u00e5 ha et greit hverdagsliv med hunden. Lydighet ligger i bunnen for alt annet. Og fordi lydighet er b\u00e5de morsomt og frustrerende. Det varierer fra hverdagslydighet til skikkelig pirkearbeid h\u00f8yere opp i klassene.<\/li>\n<li>Rally fordi jeg synes ofte at lp er for seri\u00f8st, tungt og alvorlig. Og jeg setter for h\u00f8ye krav til meg selv. I rally er det mer p\u00e5 hundens premisser, og at en skal jobbe som et team sammen, og ha det g\u00f8y i ringen. Her er det ogs\u00e5 blitt mye h\u00f8yere standard p\u00e5 bare de to \u00e5rene jeg har v\u00e6rt med.<\/li>\n<li>Bruks: dette er mer som hobby, og rett og slett fordi Prima synes det er g\u00f8y. Men ogs\u00e5 fordi her kan jeg s\u00e5 lite at jeg stiller ikke krav, og dermed s\u00e5 blir det alt mye lettere.<\/li>\n<li>Jakt: jeg skal pr\u00f8ve det, men vet ikke om jeg forsetter med det. I tilfelle s\u00e5 blir det f\u00f8rst og fremst for \u00e5 kunne stille i bruksklasse p\u00e5 utstilling, og f\u00e5 vist at det finnes ogs\u00e5 de egenskapene i hunden. Hun er jo tross alt av jakthundrase.<\/li>\n<li>Smeller\/nosework:Det virker bare s\u00e5 utrolig spennende, og her m\u00e5 en virkelig la bikkja jobbe, for her har du som f\u00f8rer lite du kan hjelpe til med. Dette er virkelig hundens domene.<\/li>\n<\/ul>\n<p><img loading=\"lazy\" decoding=\"async\" class=\"alignnone size-full wp-image-2063\" src=\"http:\/\/prima.sysrq.info\/wp-content\/uploads\/2016\/05\/img_6233-e1479206577460.jpg\" alt=\"\" width=\"1920\" height=\"1603\" \/><\/p>\n<p>Tredje sp\u00f8rsm\u00e5l er:<\/p>\n<p>Hvordan vil du f\u00f8le\/f\u00f8le deg n\u00e5r du trener:<\/p>\n<ul>\n<li>Fokusert og effektiv, jeg er nok ikke av de som kan dra p\u00e5 trening- ta litt trening og s\u00e5 slarve resten. Jeg m\u00e5 ha noe \u00e5 fokusere p\u00e5, ha en plan, jobbe effektivt.<\/li>\n<li>Vil ha en god tone, jeg vil glede meg til trening, glede meg over planene mine, og ivre etter \u00e5 teste de ut.<\/li>\n<li>Vil legge opp treningen s\u00e5 vi begge lykkes, og jeg kan surre rundt med et smil, forn\u00f8yd over at vi har klart litt mer, og utfordra oss.<\/li>\n<li>Klare \u00e5 komme et lite steg videre fra forrige trening, og ha flyt og glede i samspillet.<\/li>\n<li>F\u00f8le p\u00e5 teamf\u00f8lelsen!<\/li>\n<\/ul>\n<p><img loading=\"lazy\" decoding=\"async\" class=\"alignnone size-full wp-image-1300\" src=\"http:\/\/prima.sysrq.info\/wp-content\/uploads\/2016\/01\/img_3971-e1479207174653.jpg\" alt=\"\" width=\"1920\" height=\"1280\" \/><\/p>\n<p>Neste sp\u00f8rsm\u00e5l:<\/p>\n<p>Hvordan vil DU at DIN hund skal F\u00d8LE n\u00e5r dere trener:<\/p>\n<ul>\n<li>Ivrig<\/li>\n<li>glede over \u00e5 f\u00e5 pr\u00f8ve<\/li>\n<li>tillit<\/li>\n<li>fokusert<\/li>\n<li>glad og forventningsfull<\/li>\n<\/ul>\n<p>Den var egentlig litt vanskelig, for det ble s\u00e5 mye som l\u00e5 i ordet fokus. Fokus p\u00e5 meg, h\u00f8re etter, se hvor hun skal, fokusere p\u00e5 hvor hun er i forhold til meg osv.<\/p>\n<p><img loading=\"lazy\" decoding=\"async\" class=\"alignnone size-full wp-image-885\" src=\"http:\/\/prima.sysrq.info\/wp-content\/uploads\/2015\/08\/img_8563-e1479226169421.jpg\" alt=\"\" width=\"1920\" height=\"1282\" \/><\/p>\n<p>Hvilket ansvar har du for at det blir en bra trening?<\/p>\n<ul>\n<li>Jeg har mye av ansvaret, det er jo jeg som bestemmer at vi skal trene, og at hun skal gj\u00f8re rare ting som apport, l\u00f8pe til en rute p\u00e5 bakken eller f\u00f8lge etter meg.<\/li>\n<li>Jeg har ansvar for at jeg har lagt en bra plan, at jeg vet hva vi skal, og hvordan jeg skal f\u00e5 det til. At jeg har det som skal til for \u00e5 motivere henne, godbiter, leker, el.<\/li>\n<li>Jeg har ansvar for at hun f\u00f8ler seg trygg, og at hun skj\u00f8nner hva hun skal.<\/li>\n<li>Jeg har ansvar for at jeg betaler henne godt nok til at hun skal ville jobbe med meg.<\/li>\n<li>Jeg har ansvar for \u00e5 legge opp treningen s\u00e5 hun lykkes, og hvis hun feiler s\u00e5 g\u00e5 tilbake i treningen og se hva vi kan gj\u00f8re annerledes.<\/li>\n<li>V\u00e6re konsekvent- s\u00e5 hun vet hvor hun har meg, hva hun blir forventet av, og vet hva som skjer.<\/li>\n<li>At jeg er forberedt, og i godt hum\u00f8r. At jeg har lyst til \u00e5 trene, og at jeg vet hva vi skal trene p\u00e5.<\/li>\n<li>At hun synes det er g\u00f8y!!<\/li>\n<\/ul>\n<p>Hvilket ansvar har din HUND for at det blir en BRA trening??<\/p>\n<ul>\n<li>har hunden noe ansvar? Dette er jo noe jeg p\u00e5legger den? Noe jeg vil gj\u00f8re, s\u00e5 f\u00e5r den v\u00e6re med.<\/li>\n<li>Men jeg har jo lyst til at: den skal h\u00f8re etter n\u00e5r jeg sier kommandoer, den skal synes jeg er kulest i verden, at jeg er verdt \u00e5 v\u00e6re sammen med, at den gj\u00f8r ting med glede for det den synes det er g\u00f8y.<\/li>\n<\/ul>\n<p><img loading=\"lazy\" decoding=\"async\" class=\"alignnone wp-image-847 size-full\" src=\"http:\/\/prima.sysrq.info\/wp-content\/uploads\/2015\/08\/img_8281.jpg\" alt=\"\" width=\"410\" height=\"610\" \/><\/p>\n<p>Veldig spennende bok. Jeg har n\u00e5 bare svart p\u00e5 sp\u00f8rsm\u00e5lene, jeg har ikke lest videre i boken.<\/p>\n<p>Det kommer nok flere sp\u00f8rsm\u00e5l og svar\u00a0 i fremtiden n\u00e5r jeg leser mer i boken.<\/p>\n<p>Men disse sp\u00f8rsm\u00e5lene er vel for at en skal bli obs p\u00e5 hvordan en vil v\u00e6re p\u00e5 trening, og hvilken treningsstil en vil ha. Men en f\u00e5r virkelig tankene i gang.<\/p>\n<p>&nbsp;<\/p>\n","protected":false},"excerpt":{"rendered":"<p>Jeg holder for tiden p\u00e5 med \u00e5 lese boken: Starka tilsammans i traning, tavling og tanke av Jenny Wib\u00e2ck. Og i den boken stiller hun flere sp\u00f8rsm\u00e5l som du som leser m\u00e5 svare p\u00e5. Og siden jeg bruker denne bloggen, som dagbok, treningslogg, og mentalttreningshjelp s\u00e5 svarer jeg p\u00e5 svarene her. Det hun lurer p\u00e5 &hellip; <a href=\"https:\/\/prima.sysrq.info\/index.php\/2017\/05\/01\/starka-tilsammans-del-1\/\" class=\"more-link\">Fortsett \u00e5 lese <span class=\"screen-reader-text\">Starka tilsammans del 1<\/span> <span class=\"meta-nav\">&rarr;<\/span><\/a><\/p>\n","protected":false},"author":2,"featured_media":0,"comment_status":"open","ping_status":"open","sticky":false,"template":"","format":"standard","meta":{"footnotes":""},"categories":[1],"tags":[106,126,134,214],"class_list":["post-3199","post","type-post","status-publish","format-standard","hentry","category-uncategorized","tag-konkurransepsykologi","tag-lydighet","tag-mentaltrening","tag-trening"],"_links":{"self":[{"href":"https:\/\/prima.sysrq.info\/index.php\/wp-json\/wp\/v2\/posts\/3199","targetHints":{"allow":["GET"]}}],"collection":[{"href":"https:\/\/prima.sysrq.info\/index.php\/wp-json\/wp\/v2\/posts"}],"about":[{"href":"https:\/\/prima.sysrq.info\/index.php\/wp-json\/wp\/v2\/types\/post"}],"author":[{"embeddable":true,"href":"https:\/\/prima.sysrq.info\/index.php\/wp-json\/wp\/v2\/users\/2"}],"replies":[{"embeddable":true,"href":"https:\/\/prima.sysrq.info\/index.php\/wp-json\/wp\/v2\/comments?post=3199"}],"version-history":[{"count":3,"href":"https:\/\/prima.sysrq.info\/index.php\/wp-json\/wp\/v2\/posts\/3199\/revisions"}],"predecessor-version":[{"id":3202,"href":"https:\/\/prima.sysrq.info\/index.php\/wp-json\/wp\/v2\/posts\/3199\/revisions\/3202"}],"wp:attachment":[{"href":"https:\/\/prima.sysrq.info\/index.php\/wp-json\/wp\/v2\/media?parent=3199"}],"wp:term":[{"taxonomy":"category","embeddable":true,"href":"https:\/\/prima.sysrq.info\/index.php\/wp-json\/wp\/v2\/categories?post=3199"},{"taxonomy":"post_tag","embeddable":true,"href":"https:\/\/prima.sysrq.info\/index.php\/wp-json\/wp\/v2\/tags?post=3199"}],"curies":[{"name":"wp","href":"https:\/\/api.w.org\/{rel}","templated":true}]}}