{"id":367,"date":"2014-11-30T16:15:59","date_gmt":"2014-11-30T16:15:59","guid":{"rendered":"http:\/\/gyldenlykke.wordpress.com\/?p=367"},"modified":"2014-11-30T16:15:59","modified_gmt":"2014-11-30T16:15:59","slug":"bruks-sondag","status":"publish","type":"post","link":"https:\/\/prima.sysrq.info\/index.php\/2014\/11\/30\/bruks-sondag\/","title":{"rendered":"Bruks s\u00f8ndag"},"content":{"rendered":"<p>I dag etter en rolig uke, trengte Prima noe trening. Vi var p\u00e5 fin tur i g\u00e5r, og s\u00e5 var vi p\u00e5 fotografering p\u00e5 hundebutikken i byen. Og Prima funker fint i den settingen ogs\u00e5, blir noe h\u00f8y, men legger seg fint ned og bare kikker. Ho virker ikke stresset, mer som VELDIG P\u00c5 og skal ha med seg alt.<\/p>\n<p>Fotograferinga gikk fint, s\u00e5 f\u00e5r vi bare se hva bildene blir- var uheldig sist gang( en annen butikk, annen fotograf)<\/p>\n<p>Men m\u00e5 jo si at b\u00e5ndtreningen g\u00e5r fremover, veldig bra faktisk. Ho kan n\u00e5 g\u00e5 lange strekk uten \u00e5 t\u00f8yse, mye mindre hopping og lyd. DEILIG.<\/p>\n<p>Tilbake til idag. Vi ble en god gjeng:<\/p>\n<p>Staffe, puddel, golden, beardis, groenniser, blanding, dobermann, og malle.<\/p>\n<p>F\u00f8rst slapp vi Ari og Prima litt for n\u00f8dvendig toalettbes\u00f8k, som ingen av de ville gj\u00f8re. Prima var ogs\u00e5 veldig grevling, og vi m\u00e5tte stoppe ho to ganger- da blir jeg s\u00e5 oppgitt. Synes ho er s\u00e5 dum n\u00e5r hun er slik, og s\u00e5 blir jeg sur og oppgitt.<\/p>\n<p>S\u00e5 mens de andre la spor, gikk jeg og Prima en tur sammen- \u00a0og etter jeg hadde lettet hjertet over hvor dum hun var- var vi venner igjen.<\/p>\n<p>S\u00e5 tr\u00e5kket vi felt- og Prima ble f\u00f8rste g\u00e6rning ut:)<\/p>\n<p>Jeg hadde funnet noen ting her hjemme i full fart. Det skal v\u00e6re gjenstander, ikke s\u00e5 store, ikke leker og litt forskjellige struktur. Fant en hank som er til et skap som har ligget i skapet i flere \u00e5r- og det ble gjenstanden ho skulle finne&#8230; hjelp ja kom med utfordring:)<\/p>\n<p>Vi hadde med p\u00e5visning, og Prima var helt p\u00e5. Rett ut fant den, gikk s\u00e5 fort at jeg fikk det ikke med meg, og det endte med at ho slapp den. Lette s\u00e5 etter andre ting, s\u00e5 gikk ho tilbake til gjenstanden og kom inn. KNALLLBRA!!!!!!!!<\/p>\n<p><a href=\"http:\/\/prima.sysrq.info\/wp-content\/uploads\/2014\/11\/1526851_10152828339179277_1898282437981146657_n.jpg\"><img loading=\"lazy\" decoding=\"async\" class=\"alignnone size-full wp-image-368\" src=\"http:\/\/prima.sysrq.info\/wp-content\/uploads\/2014\/11\/1526851_10152828339179277_1898282437981146657_n.jpg\" alt=\"1526851_10152828339179277_1898282437981146657_n\" width=\"540\" height=\"960\" \/><\/a><\/p>\n<p>Bildet tatt av Anette Nesheim Hamre<\/p>\n<p>Andre gangen gikk ho rett ut, fant og kom rett inn- veldig g\u00f8y:)<\/p>\n<p>Var spennende \u00e5 se de andre hundene ogs\u00e5, og de jobber s\u00e5 forskjellige de forskjellige rasene.<\/p>\n<p>S\u00e5 ble ho liggende i bilen med dekken. Men jeg tror ikke hun sover, tror hun sitter og ser p\u00e5 hele tiden- ikke s\u00e5 god p\u00e5 \u00e5 slappe av.<\/p>\n<p>S\u00e5 hadde vi koselig lunsj med grillings, og kake. Er koselig \u00e5 sitte \u00e5 kjadde litt, og v\u00e6re sosial.<\/p>\n<p>Etterp\u00e5 ble det til at vi ble en gjeng som skulle g\u00e5 en tur, tenkte at tenk om Prima er grevling, men vet jo at hun ikke er s\u00e5 t\u00f8ff egentlig. S\u00e5 ut med galskapen og hu og hei.<\/p>\n<p>Det gikk kjempebra, de storkoste seg- og fikk virkelig l\u00f8pt.<\/p>\n<p>Og s\u00e5 ble det et bilde av noen hun l\u00f8p og koste seg med<\/p>\n<p><a href=\"http:\/\/prima.sysrq.info\/wp-content\/uploads\/2014\/11\/1392428_10152828339919277_5402697381242063057_n.jpg\"><img loading=\"lazy\" decoding=\"async\" class=\"alignnone size-full wp-image-369\" src=\"http:\/\/prima.sysrq.info\/wp-content\/uploads\/2014\/11\/1392428_10152828339919277_5402697381242063057_n.jpg\" alt=\"1392428_10152828339919277_5402697381242063057_n\" width=\"660\" height=\"371\" \/><\/a>Beardis Joy som hun ogs\u00e5 traff som valp, terriebl Sol, og Ginny:) Hun lekte masse med Ginny<\/p>\n<p>Bildet av Anette Nesheim Hamre<\/p>\n<p>En herlig dag, men var godt \u00e5 komme hjem under pledd i stua begge to:)<\/p>\n<p>Julegaven til Prima er i boks!!!!<\/p>\n","protected":false},"excerpt":{"rendered":"<p>I dag etter en rolig uke, trengte Prima noe trening. Vi var p\u00e5 fin tur i g\u00e5r, og s\u00e5 var vi p\u00e5 fotografering p\u00e5 hundebutikken i byen. Og Prima funker fint i den settingen ogs\u00e5, blir noe h\u00f8y, men legger seg fint ned og bare kikker. Ho virker ikke stresset, mer som VELDIG P\u00c5 og &hellip; <a href=\"https:\/\/prima.sysrq.info\/index.php\/2014\/11\/30\/bruks-sondag\/\" class=\"more-link\">Fortsett \u00e5 lese <span class=\"screen-reader-text\">Bruks s\u00f8ndag<\/span> <span class=\"meta-nav\">&rarr;<\/span><\/a><\/p>\n","protected":false},"author":2,"featured_media":0,"comment_status":"open","ping_status":"open","sticky":false,"template":"","format":"standard","meta":{"footnotes":""},"categories":[1],"tags":[6,18,22,24,31,50,119,124,161,188],"class_list":["post-367","post","type-post","status-publish","format-standard","hentry","category-uncategorized","tag-apport","tag-bearded-collie","tag-bilder","tag-blandingshund","tag-bruks","tag-felt","tag-lek","tag-lyd","tag-puddel","tag-sosialisering"],"_links":{"self":[{"href":"https:\/\/prima.sysrq.info\/index.php\/wp-json\/wp\/v2\/posts\/367","targetHints":{"allow":["GET"]}}],"collection":[{"href":"https:\/\/prima.sysrq.info\/index.php\/wp-json\/wp\/v2\/posts"}],"about":[{"href":"https:\/\/prima.sysrq.info\/index.php\/wp-json\/wp\/v2\/types\/post"}],"author":[{"embeddable":true,"href":"https:\/\/prima.sysrq.info\/index.php\/wp-json\/wp\/v2\/users\/2"}],"replies":[{"embeddable":true,"href":"https:\/\/prima.sysrq.info\/index.php\/wp-json\/wp\/v2\/comments?post=367"}],"version-history":[{"count":0,"href":"https:\/\/prima.sysrq.info\/index.php\/wp-json\/wp\/v2\/posts\/367\/revisions"}],"wp:attachment":[{"href":"https:\/\/prima.sysrq.info\/index.php\/wp-json\/wp\/v2\/media?parent=367"}],"wp:term":[{"taxonomy":"category","embeddable":true,"href":"https:\/\/prima.sysrq.info\/index.php\/wp-json\/wp\/v2\/categories?post=367"},{"taxonomy":"post_tag","embeddable":true,"href":"https:\/\/prima.sysrq.info\/index.php\/wp-json\/wp\/v2\/tags?post=367"}],"curies":[{"name":"wp","href":"https:\/\/api.w.org\/{rel}","templated":true}]}}