{"id":39,"date":"2013-11-25T10:05:53","date_gmt":"2013-11-25T10:05:53","guid":{"rendered":"http:\/\/gyldenlykke.wordpress.com\/?p=39"},"modified":"2013-11-25T10:05:53","modified_gmt":"2013-11-25T10:05:53","slug":"litt-fra-de-siste-ukene","status":"publish","type":"post","link":"https:\/\/prima.sysrq.info\/index.php\/2013\/11\/25\/litt-fra-de-siste-ukene\/","title":{"rendered":"Litt fra de siste ukene"},"content":{"rendered":"<p>Valpen er n\u00e5 blirr 14 uker, og vokser noe enormt. Vekta er 10,3- og h\u00f8yden n\u00e6rmer seg kjapt 45. <\/p>\n<p><a href=\"http:\/\/s1365.photobucket.com\/user\/debej\/media\/2013\/november13mobil328_zps97f4fc82.jpg.html\" target=\"_blank\"><img decoding=\"async\" src=\"http:\/\/i1365.photobucket.com\/albums\/r756\/debej\/2013\/november13mobil328_zps97f4fc82.jpg\" border=\"0\" alt=\" photo november13mobil328_zps97f4fc82.jpg\" \/><\/a><br \/>\nSofan begynner \u00e5 bli for liten:)<\/p>\n<p>Og metallapporten jobbes med<br \/>\n<a href=\"http:\/\/s1365.photobucket.com\/user\/debej\/media\/2013\/november13mobil338_zps38139a31.jpg.html\" target=\"_blank\"><img decoding=\"async\" src=\"http:\/\/i1365.photobucket.com\/albums\/r756\/debej\/2013\/november13mobil338_zps38139a31.jpg\" border=\"0\" alt=\" photo november13mobil338_zps38139a31.jpg\" \/><\/a><br \/>\nDet er s\u00e5 g\u00f8y for hun har tydelig skj\u00f8nt musematten. Og n\u00e5 kan jeg bruke det videre til andre ting. Her forleden ventet vi p\u00e5 bussen, og der l\u00e5 en sponplate. Finfin target trening:) <\/p>\n<p><a href=\"http:\/\/s1365.photobucket.com\/user\/debej\/media\/2013\/november13mobil339_zpsf090c71c.jpg.html\" target=\"_blank\"><img decoding=\"async\" src=\"http:\/\/i1365.photobucket.com\/albums\/r756\/debej\/2013\/november13mobil339_zpsf090c71c.jpg\" border=\"0\" alt=\" photo november13mobil339_zpsf090c71c.jpg\" \/><\/a><br \/>\nOg hun har f\u00e5tt egen seng, den er stas. Men ho er en ordentlig kosevalp, og vil gjerne v\u00e6re n\u00e6r. Veldig koslig.<br \/>\nJeg koser meg men m\u00e5 \u00e6rlig innr\u00f8mme at jeg savner dette:<br \/>\n<a href=\"http:\/\/s1365.photobucket.com\/user\/debej\/media\/2013\/november13mobil194_zps78ac5b1d.jpg.html\" target=\"_blank\"><img decoding=\"async\" src=\"http:\/\/i1365.photobucket.com\/albums\/r756\/debej\/2013\/november13mobil194_zps78ac5b1d.jpg\" border=\"0\" alt=\" photo november13mobil194_zps78ac5b1d.jpg\" \/><\/a><br \/>\n<a href=\"http:\/\/s1365.photobucket.com\/user\/debej\/media\/2013\/november13mobil325_zpsbf73afa9.jpg.html\" target=\"_blank\"><img decoding=\"async\" src=\"http:\/\/i1365.photobucket.com\/albums\/r756\/debej\/2013\/november13mobil325_zpsbf73afa9.jpg\" border=\"0\" alt=\" photo november13mobil325_zpsbf73afa9.jpg\" \/><\/a><br \/>\nHun har blitt godt passet p\u00e5 av hjelperene mine,og f\u00e5tt lekt med masse fine hunder. Og det er flere som planeres:)<br \/>\n<a href=\"http:\/\/s1365.photobucket.com\/user\/debej\/media\/2013\/november13mobil321_zps3e4ca060.jpg.html\" target=\"_blank\"><img decoding=\"async\" src=\"http:\/\/i1365.photobucket.com\/albums\/r756\/debej\/2013\/november13mobil321_zps3e4ca060.jpg\" border=\"0\" alt=\" photo november13mobil321_zps3e4ca060.jpg\" \/><\/a><br \/>\nS\u00e5nn transporteres hun over lengere strekninger, dog begynner sekken \u00e5 bli litt liten.. men fr\u00f8kna er forn\u00f8yd.<br \/>\n<a href=\"http:\/\/s1365.photobucket.com\/user\/debej\/media\/2013\/november13mobil317_zps9928388d.jpg.html\" target=\"_blank\"><img decoding=\"async\" src=\"http:\/\/i1365.photobucket.com\/albums\/r756\/debej\/2013\/november13mobil317_zps9928388d.jpg\" border=\"0\" alt=\" photo november13mobil317_zps9928388d.jpg\" \/><\/a><br \/>\nFRAMGANG:)<\/p>\n<p>Alt i alt er verden fin og god, vi koser oss. Hun er en herlig, trygg valp som jeg storkoser meg med.<\/p>\n<p>Hun har ogs\u00e5 truffet en av sine egne, det skal jeg fortelle om i neste blogg.<br \/>\nOg lyd cd funker som gull den. Det var bare matmor som ikke tenkte s\u00e5 langt. Hun satt p\u00e5 lyd cd bak et bur med tepper p\u00e5. Og hvem som helst kan bli redd n\u00e5r en bur begynner med rakettlyder:) (dumme matmor:)<\/p>\n<p>S\u00e5 n\u00e5 kan vi leke,og trene selv med masse rare lyder!! <\/p>\n<p>Ho er blitt veldig flink p\u00e5 innkalling,og kommer frivillig for \u00e5 kose litt eller bare bruke meg som pute.<\/p>\n<p>Hun elsker \u00e5 ta buss, matmor synes det er uhorvlig dyrt<br \/>\n<a href=\"http:\/\/s1365.photobucket.com\/user\/debej\/media\/2013\/november13mobil287_zps99e729f3.jpg.html\" target=\"_blank\"><img decoding=\"async\" src=\"http:\/\/i1365.photobucket.com\/albums\/r756\/debej\/2013\/november13mobil287_zps99e729f3.jpg\" border=\"0\" alt=\" photo november13mobil287_zps99e729f3.jpg\" \/><\/a><\/p>\n<p>Ellers s\u00e5 merkes det godt at den lille er i en voksespurt, for n\u00e5 passer nesten ingenting lenger&#8230;.<br \/>\nHer har hun begynt med en st\u00f8rre sele- i rosa seff.<br \/>\n<a href=\"http:\/\/s1365.photobucket.com\/user\/debej\/media\/2013\/november13mobil310_zpsf46dd2dc.jpg.html\" target=\"_blank\"><img decoding=\"async\" src=\"http:\/\/i1365.photobucket.com\/albums\/r756\/debej\/2013\/november13mobil310_zpsf46dd2dc.jpg\" border=\"0\" alt=\" photo november13mobil310_zpsf46dd2dc.jpg\" \/><\/a><\/p>\n<p><a href=\"http:\/\/s1365.photobucket.com\/user\/debej\/media\/2013\/november13mobil127_zps925b17c7.jpg.html\" target=\"_blank\"><img decoding=\"async\" src=\"http:\/\/i1365.photobucket.com\/albums\/r756\/debej\/2013\/november13mobil127_zps925b17c7.jpg\" border=\"0\" alt=\" photo november13mobil127_zps925b17c7.jpg\" \/><\/a><br \/>\nOg siden Basta trenger litt oppmerksomhet lar vi henne avslutte bloggen for denne gang:)<\/p>\n","protected":false},"excerpt":{"rendered":"<p>Valpen er n\u00e5 blirr 14 uker, og vokser noe enormt. Vekta er 10,3- og h\u00f8yden n\u00e6rmer seg kjapt 45. Sofan begynner \u00e5 bli for liten:) Og metallapporten jobbes med Det er s\u00e5 g\u00f8y for hun har tydelig skj\u00f8nt musematten. Og n\u00e5 kan jeg bruke det videre til andre ting. Her forleden ventet vi p\u00e5 bussen, &hellip; <a href=\"https:\/\/prima.sysrq.info\/index.php\/2013\/11\/25\/litt-fra-de-siste-ukene\/\" class=\"more-link\">Fortsett \u00e5 lese <span class=\"screen-reader-text\">Litt fra de siste ukene<\/span> <span class=\"meta-nav\">&rarr;<\/span><\/a><\/p>\n","protected":false},"author":2,"featured_media":0,"comment_status":"open","ping_status":"open","sticky":false,"template":"","format":"standard","meta":{"footnotes":""},"categories":[1],"tags":[10,22,37,58,66,83,94,104,125,130,188,202,219],"class_list":["post-39","post","type-post","status-publish","format-standard","hentry","category-uncategorized","tag-avknapp","tag-bilder","tag-dachs","tag-frivillig-innkomst","tag-golden-retriever","tag-innkalling","tag-katt","tag-klikkertrening","tag-lyd-cd","tag-malinger","tag-sosialisering","tag-sykling","tag-tur"],"_links":{"self":[{"href":"https:\/\/prima.sysrq.info\/index.php\/wp-json\/wp\/v2\/posts\/39","targetHints":{"allow":["GET"]}}],"collection":[{"href":"https:\/\/prima.sysrq.info\/index.php\/wp-json\/wp\/v2\/posts"}],"about":[{"href":"https:\/\/prima.sysrq.info\/index.php\/wp-json\/wp\/v2\/types\/post"}],"author":[{"embeddable":true,"href":"https:\/\/prima.sysrq.info\/index.php\/wp-json\/wp\/v2\/users\/2"}],"replies":[{"embeddable":true,"href":"https:\/\/prima.sysrq.info\/index.php\/wp-json\/wp\/v2\/comments?post=39"}],"version-history":[{"count":0,"href":"https:\/\/prima.sysrq.info\/index.php\/wp-json\/wp\/v2\/posts\/39\/revisions"}],"wp:attachment":[{"href":"https:\/\/prima.sysrq.info\/index.php\/wp-json\/wp\/v2\/media?parent=39"}],"wp:term":[{"taxonomy":"category","embeddable":true,"href":"https:\/\/prima.sysrq.info\/index.php\/wp-json\/wp\/v2\/categories?post=39"},{"taxonomy":"post_tag","embeddable":true,"href":"https:\/\/prima.sysrq.info\/index.php\/wp-json\/wp\/v2\/tags?post=39"}],"curies":[{"name":"wp","href":"https:\/\/api.w.org\/{rel}","templated":true}]}}