{"id":4257,"date":"2018-07-25T20:55:43","date_gmt":"2018-07-25T18:55:43","guid":{"rendered":"http:\/\/prima.sysrq.info\/?p=4257"},"modified":"2018-07-27T11:24:48","modified_gmt":"2018-07-27T09:24:48","slug":"benny-andersen-sier-det-sa-godt","status":"publish","type":"post","link":"https:\/\/prima.sysrq.info\/index.php\/2018\/07\/25\/benny-andersen-sier-det-sa-godt\/","title":{"rendered":"Benny Andersen sier det s\u00e5 godt&#8230;"},"content":{"rendered":"<header class=\"entry-header\">\n<h2 class=\"entry-title\"><\/h2>\n<\/header>\n<div class=\"entry-content\">\n<p>Alle bildene er tatt av Evelina Fors- tusen takk:)<\/p>\n<p><img loading=\"lazy\" decoding=\"async\" class=\"alignnone wp-image-4258 size-full\" src=\"http:\/\/prima.sysrq.info\/wp-content\/uploads\/2018\/07\/IMG_7487.jpg\" alt=\"\" width=\"1920\" height=\"1280\" srcset=\"https:\/\/prima.sysrq.info\/wp-content\/uploads\/2018\/07\/IMG_7487.jpg 1920w, https:\/\/prima.sysrq.info\/wp-content\/uploads\/2018\/07\/IMG_7487-150x100.jpg 150w, https:\/\/prima.sysrq.info\/wp-content\/uploads\/2018\/07\/IMG_7487-300x200.jpg 300w, https:\/\/prima.sysrq.info\/wp-content\/uploads\/2018\/07\/IMG_7487-768x512.jpg 768w, https:\/\/prima.sysrq.info\/wp-content\/uploads\/2018\/07\/IMG_7487-1501x1001.jpg 1501w, https:\/\/prima.sysrq.info\/wp-content\/uploads\/2018\/07\/IMG_7487-1200x800.jpg 1200w\" sizes=\"auto, (max-width: 1920px) 100vw, 1920px\" \/><\/p>\n<p>For det f\u00f8ltes s\u00e5 bra p\u00e5 oppvarming, jeg hadde troa. Ho f\u00f8ltes bra..<\/p>\n<p><img loading=\"lazy\" decoding=\"async\" class=\"alignnone wp-image-4259 size-full\" src=\"http:\/\/prima.sysrq.info\/wp-content\/uploads\/2018\/07\/IMG_7565.jpg\" alt=\"\" width=\"1920\" height=\"1280\" srcset=\"https:\/\/prima.sysrq.info\/wp-content\/uploads\/2018\/07\/IMG_7565.jpg 1920w, https:\/\/prima.sysrq.info\/wp-content\/uploads\/2018\/07\/IMG_7565-150x100.jpg 150w, https:\/\/prima.sysrq.info\/wp-content\/uploads\/2018\/07\/IMG_7565-300x200.jpg 300w, https:\/\/prima.sysrq.info\/wp-content\/uploads\/2018\/07\/IMG_7565-768x512.jpg 768w, https:\/\/prima.sysrq.info\/wp-content\/uploads\/2018\/07\/IMG_7565-1501x1001.jpg 1501w, https:\/\/prima.sysrq.info\/wp-content\/uploads\/2018\/07\/IMG_7565-1200x800.jpg 1200w\" sizes=\"auto, (max-width: 1920px) 100vw, 1920px\" \/><\/p>\n<p>Fellesdekken gikk bra, litt h\u00f8yt hode fordi hun h\u00f8rte meg prate.. det m\u00e5 jeg trene p\u00e5.<\/p>\n<p><img loading=\"lazy\" decoding=\"async\" class=\"alignnone wp-image-4263 size-full\" src=\"http:\/\/prima.sysrq.info\/wp-content\/uploads\/2018\/07\/IMG_7612.jpg\" alt=\"\" width=\"1920\" height=\"1280\" srcset=\"https:\/\/prima.sysrq.info\/wp-content\/uploads\/2018\/07\/IMG_7612.jpg 1920w, https:\/\/prima.sysrq.info\/wp-content\/uploads\/2018\/07\/IMG_7612-150x100.jpg 150w, https:\/\/prima.sysrq.info\/wp-content\/uploads\/2018\/07\/IMG_7612-300x200.jpg 300w, https:\/\/prima.sysrq.info\/wp-content\/uploads\/2018\/07\/IMG_7612-768x512.jpg 768w, https:\/\/prima.sysrq.info\/wp-content\/uploads\/2018\/07\/IMG_7612-1501x1001.jpg 1501w, https:\/\/prima.sysrq.info\/wp-content\/uploads\/2018\/07\/IMG_7612-1200x800.jpg 1200w\" sizes=\"auto, (max-width: 1920px) 100vw, 1920px\" \/><\/p>\n<p>Prima hadde det fint i ringen hun..<\/p>\n<p>&nbsp;<\/p>\n<p>&nbsp;<\/p>\n<p>Dette g\u00e5r jo bra, n\u00e5 m\u00e5 det snart komme en nedtur. Slik kan en ogs\u00e5 f\u00f8le det p\u00e5 andre f\u00f8lelser ofte lykke. Dette diktet av Benny Andersen er perfekt til \u00e5 forklare hvordan det kan f\u00f8les.<\/p>\n<p><strong>Lykken<\/strong><\/p>\n<p>Det er noget s\u00e6rlig ved lykken, man kan blive helt glad<\/p>\n<p>n\u00e5r man m\u00f8der den<\/p>\n<p>men ogs\u00e5 litt beklemt<\/p>\n<p>st\u00e5r stille lidt<\/p>\n<p>lister seg varsomt frem<\/p>\n<p>som i et minefelt<\/p>\n<p>og hver gang man setter foden ned<\/p>\n<p>uten at ryge i luften<\/p>\n<p>glemmer man at<\/p>\n<p>enten nyde lykken eller blir sur over at ikke vide<\/p>\n<p>hvor l\u00e6nge den vil vare<\/p>\n<p>s\u00e5 n\u00e5r modgangen endelig melder seg<\/p>\n<p>er det en lettelse<\/p>\n<p>som om man er kommet i sikkerhed<\/p>\n<p>det er nu skammeligt<\/p>\n<p>for der er noget s\u00e6rlig ved lykken<\/p>\n<p>som man ellers ikke m\u00f8der<\/p>\n<p>m\u00e5ske liger feilen der<\/p>\n<p>man kender for lidt til den<\/p>\n<p>burde sette seg mer ind i den<\/p>\n<p>Akkurat s\u00e5nn f\u00f8ler jeg etter i g\u00e5r.<\/p>\n<p>Jeg har hatt to treningssamlinger som har f\u00e5tt s\u00e5 utrolig bra&#8230; og har tenkt tanken. Vi er ikke s\u00e5 gode som dette- er bare flaks. H\u00e5per ikke folk tror vi er s\u00e5 gode, det stemmer jo ikke&#8230; Samtidig som jeg synes det var utrolig g\u00f8y at vi klarte det s\u00e5 bra.<\/p>\n<p>Men ig\u00e5r f\u00f8lte jeg som i diktet ovenfor.. nesten litt lettelse- for her fikk vi mer vist hvordan vi var. Vi er ikke s\u00e5 gode&#8230;. samtidig ble jeg forundret over at alt gikk i knas&#8230;<\/p>\n<p>Jeg beholdt maska- og skyldte p\u00e5 l\u00f8petid. Jeg er veldig god p\u00e5 unnskyldninger- og jeg har flere p\u00e5 lager om det trengs.<\/p>\n<p>Men det var mye bra ogs\u00e5, men men men&#8230;.<\/p>\n<p>FVF var jo eh ja litt s\u00e5nn tjohei. Og vi kan fremdeles ikke venstresvinger i l\u00f8pemarsj- men ho var god p\u00e5 holdter da:)<\/p>\n<p><img loading=\"lazy\" decoding=\"async\" class=\"alignnone wp-image-4261 size-full\" src=\"http:\/\/prima.sysrq.info\/wp-content\/uploads\/2018\/07\/IMG_7599.jpg\" alt=\"\" width=\"1920\" height=\"1280\" srcset=\"https:\/\/prima.sysrq.info\/wp-content\/uploads\/2018\/07\/IMG_7599.jpg 1920w, https:\/\/prima.sysrq.info\/wp-content\/uploads\/2018\/07\/IMG_7599-150x100.jpg 150w, https:\/\/prima.sysrq.info\/wp-content\/uploads\/2018\/07\/IMG_7599-300x200.jpg 300w, https:\/\/prima.sysrq.info\/wp-content\/uploads\/2018\/07\/IMG_7599-768x512.jpg 768w, https:\/\/prima.sysrq.info\/wp-content\/uploads\/2018\/07\/IMG_7599-1501x1001.jpg 1501w, https:\/\/prima.sysrq.info\/wp-content\/uploads\/2018\/07\/IMG_7599-1200x800.jpg 1200w\" sizes=\"auto, (max-width: 1920px) 100vw, 1920px\" \/> <img loading=\"lazy\" decoding=\"async\" class=\"alignnone wp-image-4260 size-full\" src=\"http:\/\/prima.sysrq.info\/wp-content\/uploads\/2018\/07\/IMG_7594.jpg\" alt=\"\" width=\"1920\" height=\"1280\" srcset=\"https:\/\/prima.sysrq.info\/wp-content\/uploads\/2018\/07\/IMG_7594.jpg 1920w, https:\/\/prima.sysrq.info\/wp-content\/uploads\/2018\/07\/IMG_7594-150x100.jpg 150w, https:\/\/prima.sysrq.info\/wp-content\/uploads\/2018\/07\/IMG_7594-300x200.jpg 300w, https:\/\/prima.sysrq.info\/wp-content\/uploads\/2018\/07\/IMG_7594-768x512.jpg 768w, https:\/\/prima.sysrq.info\/wp-content\/uploads\/2018\/07\/IMG_7594-1501x1001.jpg 1501w, https:\/\/prima.sysrq.info\/wp-content\/uploads\/2018\/07\/IMG_7594-1200x800.jpg 1200w\" sizes=\"auto, (max-width: 1920px) 100vw, 1920px\" \/><\/p>\n<p>Fikk visstnok ogs\u00e5 kommentarer p\u00e5 at ho paradere som dere ser her&#8230; og jeg kjenner at det er en kamp jeg ikke gidder \u00e5 ta. Det er Prima i hum\u00f8r- s\u00e5 f\u00e5r heller dommerene gi oss d\u00e5rlige karakterer for glede og engasjement.<\/p>\n<p><img loading=\"lazy\" decoding=\"async\" class=\"alignnone wp-image-4266 size-full\" src=\"http:\/\/prima.sysrq.info\/wp-content\/uploads\/2018\/07\/IMG_7628.jpg\" alt=\"\" width=\"1920\" height=\"1280\" srcset=\"https:\/\/prima.sysrq.info\/wp-content\/uploads\/2018\/07\/IMG_7628.jpg 1920w, https:\/\/prima.sysrq.info\/wp-content\/uploads\/2018\/07\/IMG_7628-150x100.jpg 150w, https:\/\/prima.sysrq.info\/wp-content\/uploads\/2018\/07\/IMG_7628-300x200.jpg 300w, https:\/\/prima.sysrq.info\/wp-content\/uploads\/2018\/07\/IMG_7628-768x512.jpg 768w, https:\/\/prima.sysrq.info\/wp-content\/uploads\/2018\/07\/IMG_7628-1501x1001.jpg 1501w, https:\/\/prima.sysrq.info\/wp-content\/uploads\/2018\/07\/IMG_7628-1200x800.jpg 1200w\" sizes=\"auto, (max-width: 1920px) 100vw, 1920px\" \/> <img loading=\"lazy\" decoding=\"async\" class=\"alignnone wp-image-4267 size-full\" src=\"http:\/\/prima.sysrq.info\/wp-content\/uploads\/2018\/07\/IMG_7630.jpg\" alt=\"\" width=\"1920\" height=\"1280\" srcset=\"https:\/\/prima.sysrq.info\/wp-content\/uploads\/2018\/07\/IMG_7630.jpg 1920w, https:\/\/prima.sysrq.info\/wp-content\/uploads\/2018\/07\/IMG_7630-150x100.jpg 150w, https:\/\/prima.sysrq.info\/wp-content\/uploads\/2018\/07\/IMG_7630-300x200.jpg 300w, https:\/\/prima.sysrq.info\/wp-content\/uploads\/2018\/07\/IMG_7630-768x512.jpg 768w, https:\/\/prima.sysrq.info\/wp-content\/uploads\/2018\/07\/IMG_7630-1501x1001.jpg 1501w, https:\/\/prima.sysrq.info\/wp-content\/uploads\/2018\/07\/IMG_7630-1200x800.jpg 1200w\" sizes=\"auto, (max-width: 1920px) 100vw, 1920px\" \/><\/p>\n<p>Husker dere at jeg har v\u00e6rt s\u00e5 fantastisk forn\u00f8yd med at hunden kan apportdirigeringer- vel\u00a0 ho kan ikke det. Som dere ser av bildene s\u00e5 henter ho det som passer ho.. tullefjolle. Fikk etter mye om og men henta den riktige.<\/p>\n<p><img loading=\"lazy\" decoding=\"async\" class=\"alignnone wp-image-4265 size-full\" src=\"http:\/\/prima.sysrq.info\/wp-content\/uploads\/2018\/07\/IMG_7625.jpg\" alt=\"\" width=\"1920\" height=\"1280\" srcset=\"https:\/\/prima.sysrq.info\/wp-content\/uploads\/2018\/07\/IMG_7625.jpg 1920w, https:\/\/prima.sysrq.info\/wp-content\/uploads\/2018\/07\/IMG_7625-150x100.jpg 150w, https:\/\/prima.sysrq.info\/wp-content\/uploads\/2018\/07\/IMG_7625-300x200.jpg 300w, https:\/\/prima.sysrq.info\/wp-content\/uploads\/2018\/07\/IMG_7625-768x512.jpg 768w, https:\/\/prima.sysrq.info\/wp-content\/uploads\/2018\/07\/IMG_7625-1501x1001.jpg 1501w, https:\/\/prima.sysrq.info\/wp-content\/uploads\/2018\/07\/IMG_7625-1200x800.jpg 1200w\" sizes=\"auto, (max-width: 1920px) 100vw, 1920px\" \/><\/p>\n<p>Ruta var f\u00f8rst ikke bra, s\u00e5 kjempebra.. helt til hun fant ut at hun satt seg. Det har jeg jo ogs\u00e5 slitt med p\u00e5 trening.<\/p>\n<p><img loading=\"lazy\" decoding=\"async\" class=\"alignnone wp-image-4264 size-full\" src=\"http:\/\/prima.sysrq.info\/wp-content\/uploads\/2018\/07\/IMG_7620.jpg\" alt=\"\" width=\"1920\" height=\"1280\" srcset=\"https:\/\/prima.sysrq.info\/wp-content\/uploads\/2018\/07\/IMG_7620.jpg 1920w, https:\/\/prima.sysrq.info\/wp-content\/uploads\/2018\/07\/IMG_7620-150x100.jpg 150w, https:\/\/prima.sysrq.info\/wp-content\/uploads\/2018\/07\/IMG_7620-300x200.jpg 300w, https:\/\/prima.sysrq.info\/wp-content\/uploads\/2018\/07\/IMG_7620-768x512.jpg 768w, https:\/\/prima.sysrq.info\/wp-content\/uploads\/2018\/07\/IMG_7620-1501x1001.jpg 1501w, https:\/\/prima.sysrq.info\/wp-content\/uploads\/2018\/07\/IMG_7620-1200x800.jpg 1200w\" sizes=\"auto, (max-width: 1920px) 100vw, 1920px\" \/><\/p>\n<p>Ho l\u00f8per som en vind p\u00e5 innkalling med dekk, men hun kan ikke dekk lenger- men en fin st\u00e5 har hun:)<\/p>\n<p><img loading=\"lazy\" decoding=\"async\" class=\"alignnone wp-image-4269 size-full\" src=\"http:\/\/prima.sysrq.info\/wp-content\/uploads\/2018\/07\/IMG_7644.jpg\" alt=\"\" width=\"1920\" height=\"1280\" srcset=\"https:\/\/prima.sysrq.info\/wp-content\/uploads\/2018\/07\/IMG_7644.jpg 1920w, https:\/\/prima.sysrq.info\/wp-content\/uploads\/2018\/07\/IMG_7644-150x100.jpg 150w, https:\/\/prima.sysrq.info\/wp-content\/uploads\/2018\/07\/IMG_7644-300x200.jpg 300w, https:\/\/prima.sysrq.info\/wp-content\/uploads\/2018\/07\/IMG_7644-768x512.jpg 768w, https:\/\/prima.sysrq.info\/wp-content\/uploads\/2018\/07\/IMG_7644-1501x1001.jpg 1501w, https:\/\/prima.sysrq.info\/wp-content\/uploads\/2018\/07\/IMG_7644-1200x800.jpg 1200w\" sizes=\"auto, (max-width: 1920px) 100vw, 1920px\" \/><\/p>\n<p>og jeg har v\u00e6rt s\u00e5 forn\u00f8yd med denne \u00f8velsen- men her fikk vi problemet som jeg har hatt i det siste.. hun klarer ikke begge deler. Tilslutt fikk vi det til. .<\/p>\n<p><img loading=\"lazy\" decoding=\"async\" class=\"alignnone wp-image-4270 size-full\" src=\"http:\/\/prima.sysrq.info\/wp-content\/uploads\/2018\/07\/IMG_7646.jpg\" alt=\"\" width=\"1920\" height=\"1280\" srcset=\"https:\/\/prima.sysrq.info\/wp-content\/uploads\/2018\/07\/IMG_7646.jpg 1920w, https:\/\/prima.sysrq.info\/wp-content\/uploads\/2018\/07\/IMG_7646-150x100.jpg 150w, https:\/\/prima.sysrq.info\/wp-content\/uploads\/2018\/07\/IMG_7646-300x200.jpg 300w, https:\/\/prima.sysrq.info\/wp-content\/uploads\/2018\/07\/IMG_7646-768x512.jpg 768w, https:\/\/prima.sysrq.info\/wp-content\/uploads\/2018\/07\/IMG_7646-1501x1001.jpg 1501w, https:\/\/prima.sysrq.info\/wp-content\/uploads\/2018\/07\/IMG_7646-1200x800.jpg 1200w\" sizes=\"auto, (max-width: 1920px) 100vw, 1920px\" \/> <img loading=\"lazy\" decoding=\"async\" class=\"alignnone wp-image-4271 size-full\" src=\"http:\/\/prima.sysrq.info\/wp-content\/uploads\/2018\/07\/IMG_7647.jpg\" alt=\"\" width=\"1920\" height=\"1280\" srcset=\"https:\/\/prima.sysrq.info\/wp-content\/uploads\/2018\/07\/IMG_7647.jpg 1920w, https:\/\/prima.sysrq.info\/wp-content\/uploads\/2018\/07\/IMG_7647-150x100.jpg 150w, https:\/\/prima.sysrq.info\/wp-content\/uploads\/2018\/07\/IMG_7647-300x200.jpg 300w, https:\/\/prima.sysrq.info\/wp-content\/uploads\/2018\/07\/IMG_7647-768x512.jpg 768w, https:\/\/prima.sysrq.info\/wp-content\/uploads\/2018\/07\/IMG_7647-1501x1001.jpg 1501w, https:\/\/prima.sysrq.info\/wp-content\/uploads\/2018\/07\/IMG_7647-1200x800.jpg 1200w\" sizes=\"auto, (max-width: 1920px) 100vw, 1920px\" \/><\/p>\n<p>Men full fart kommando skj\u00f8nte ho mer av- tjohei. Fart var det hvertfall.<\/p>\n<p>Avstanden var okei.<\/p>\n<p>S\u00e5 alt i alt var jeg litt forfjamset, litt frustrert(for jeg visste ikke hvordan jeg skulle l\u00f8se det, og synes jeg brukte veldig mye av tida til dommeren)<\/p>\n<p>og som sagt litt letta- vi er ikke s\u00e5 flinke. Vi har fremdeles masse \u00e5 l\u00e6re inne, og generalisere.<\/p>\n<p>Men er pittelitt stolt over at jeg ikke ble sur eller gikk i kjelleren.<\/p>\n<p>Uansett hva som l\u00e5 til grunn for hva som skjedde i g\u00e5r, l\u00f8petid, for kaldt i v\u00e6ret, litt mer nerv\u00f8s eier pga ny dommer, for lite\/mye oppvarming, ikke sykkeltur f\u00f8rst osv. N\u00e5 tar jeg en pause til august. Jeg trenger \u00e5 omkalibere:)<\/p>\n<p>Kos dere videre i varmen og klem hundene deres.<\/p>\n<\/div>\n","protected":false},"excerpt":{"rendered":"<p>Alle bildene er tatt av Evelina Fors- tusen takk:) For det f\u00f8ltes s\u00e5 bra p\u00e5 oppvarming, jeg hadde troa. Ho f\u00f8ltes bra.. Fellesdekken gikk bra, litt h\u00f8yt hode fordi hun h\u00f8rte meg prate.. det m\u00e5 jeg trene p\u00e5. Prima hadde det fint i ringen hun.. &nbsp; &nbsp; Dette g\u00e5r jo bra, n\u00e5 m\u00e5 det snart &hellip; <a href=\"https:\/\/prima.sysrq.info\/index.php\/2018\/07\/25\/benny-andersen-sier-det-sa-godt\/\" class=\"more-link\">Fortsett \u00e5 lese <span class=\"screen-reader-text\">Benny Andersen sier det s\u00e5 godt&#8230;<\/span> <span class=\"meta-nav\">&rarr;<\/span><\/a><\/p>\n","protected":false},"author":2,"featured_media":0,"comment_status":"open","ping_status":"open","sticky":false,"template":"","format":"standard","meta":{"footnotes":""},"categories":[1],"tags":[4,6,287,304,11,14,22,48,54,59,274,87,310,118,126,134,157,170,197,225],"class_list":["post-4257","post","type-post","status-publish","format-standard","hentry","category-uncategorized","tag-aktivisering","tag-apport","tag-apport-over-hinder","tag-apportdirigering","tag-avstandskommandering","tag-bading","tag-bilder","tag-fellesdekk","tag-fokus","tag-fvf","tag-innkalling-med-dekk","tag-jaktgolden","tag-lope-rundt-kjegle","tag-lopetid","tag-lydighet","tag-mentaltrening","tag-prima","tag-ruta","tag-stevne","tag-vann"],"_links":{"self":[{"href":"https:\/\/prima.sysrq.info\/index.php\/wp-json\/wp\/v2\/posts\/4257","targetHints":{"allow":["GET"]}}],"collection":[{"href":"https:\/\/prima.sysrq.info\/index.php\/wp-json\/wp\/v2\/posts"}],"about":[{"href":"https:\/\/prima.sysrq.info\/index.php\/wp-json\/wp\/v2\/types\/post"}],"author":[{"embeddable":true,"href":"https:\/\/prima.sysrq.info\/index.php\/wp-json\/wp\/v2\/users\/2"}],"replies":[{"embeddable":true,"href":"https:\/\/prima.sysrq.info\/index.php\/wp-json\/wp\/v2\/comments?post=4257"}],"version-history":[{"count":2,"href":"https:\/\/prima.sysrq.info\/index.php\/wp-json\/wp\/v2\/posts\/4257\/revisions"}],"predecessor-version":[{"id":4273,"href":"https:\/\/prima.sysrq.info\/index.php\/wp-json\/wp\/v2\/posts\/4257\/revisions\/4273"}],"wp:attachment":[{"href":"https:\/\/prima.sysrq.info\/index.php\/wp-json\/wp\/v2\/media?parent=4257"}],"wp:term":[{"taxonomy":"category","embeddable":true,"href":"https:\/\/prima.sysrq.info\/index.php\/wp-json\/wp\/v2\/categories?post=4257"},{"taxonomy":"post_tag","embeddable":true,"href":"https:\/\/prima.sysrq.info\/index.php\/wp-json\/wp\/v2\/tags?post=4257"}],"curies":[{"name":"wp","href":"https:\/\/api.w.org\/{rel}","templated":true}]}}