{"id":4785,"date":"2018-10-30T12:44:32","date_gmt":"2018-10-30T11:44:32","guid":{"rendered":"http:\/\/prima.sysrq.info\/?p=4785"},"modified":"2018-10-30T12:44:32","modified_gmt":"2018-10-30T11:44:32","slug":"kurs-dag-2","status":"publish","type":"post","link":"https:\/\/prima.sysrq.info\/index.php\/2018\/10\/30\/kurs-dag-2\/","title":{"rendered":"Kurs dag 2"},"content":{"rendered":"<p><img loading=\"lazy\" decoding=\"async\" class=\"alignnone size-full wp-image-4743\" src=\"http:\/\/prima.sysrq.info\/wp-content\/uploads\/2018\/10\/IMG_0845.jpg\" alt=\"\" width=\"1920\" height=\"1280\" srcset=\"https:\/\/prima.sysrq.info\/wp-content\/uploads\/2018\/10\/IMG_0845.jpg 1920w, https:\/\/prima.sysrq.info\/wp-content\/uploads\/2018\/10\/IMG_0845-150x100.jpg 150w, https:\/\/prima.sysrq.info\/wp-content\/uploads\/2018\/10\/IMG_0845-300x200.jpg 300w, https:\/\/prima.sysrq.info\/wp-content\/uploads\/2018\/10\/IMG_0845-768x512.jpg 768w, https:\/\/prima.sysrq.info\/wp-content\/uploads\/2018\/10\/IMG_0845-1501x1001.jpg 1501w\" sizes=\"auto, (max-width: 1920px) 100vw, 1920px\" \/><\/p>\n<p>Robin til Kristin<\/p>\n<p>Han var litt demohund<\/p>\n<p>Vel hjemme fra dag 1 var jeg s\u00e5 tr\u00f8tt at jeg sl\u00f8vet resten av dagen- det tar p\u00e5 \u00e5 bruke hue for b\u00e5de tobente og firbente.\u00a0 Men vi gledet oss til neste dag:)<\/p>\n<p>P\u00e5 dag to pratet hun mer om konkurranse og hvordan gj\u00f8re seg klar til konkurranse. Hun ser p\u00e5 sin hund som en toppidrettsut\u00f8ver og behandler den deretter.<\/p>\n<p>Hver konkurranse er en m\u00e5ling p\u00e5 treninga<\/p>\n<p>Sett deg personlige m\u00e5l for hver konkurranse- gjerne attitude p\u00e5 hunden\/deg selv. (personlig er jeg jo glad bare jeg overlever)<\/p>\n<p>Dommerene som d\u00f8mmer oss &laquo;styrer&raquo; v\u00e5r trening, for de d\u00f8mmer det de liker og ikke liker.<\/p>\n<p>I de h\u00f8yrer klassene m\u00e5 en vedlikeholde, utfordre og v\u00e6re kreative for \u00e5 ikke gj\u00f8re det kjedelig. Pass p\u00e5 barnesykdommene, nyinnl\u00e6ring hvis ting ikke fungerer.<\/p>\n<p>2-3 uker f\u00f8r konkurranse trener hun kun mot den klassen hun skal g\u00e5 i.( hun trener gjerne inn FCI f\u00f8r hunden er i den klassen)<\/p>\n<p>2-3 \u00f8velser, s\u00e5 full bel\u00f8nning. Trenger ikke v\u00e6re rekkef\u00f8lgen i programmet,\u00a0 ikke l\u00e6re hunden et m\u00f8nster.<\/p>\n<p><img loading=\"lazy\" decoding=\"async\" class=\"alignnone size-full wp-image-4784\" src=\"http:\/\/prima.sysrq.info\/wp-content\/uploads\/2018\/10\/IMG_1225.jpg\" alt=\"\" width=\"1920\" height=\"1280\" srcset=\"https:\/\/prima.sysrq.info\/wp-content\/uploads\/2018\/10\/IMG_1225.jpg 1920w, https:\/\/prima.sysrq.info\/wp-content\/uploads\/2018\/10\/IMG_1225-150x100.jpg 150w, https:\/\/prima.sysrq.info\/wp-content\/uploads\/2018\/10\/IMG_1225-300x200.jpg 300w, https:\/\/prima.sysrq.info\/wp-content\/uploads\/2018\/10\/IMG_1225-768x512.jpg 768w, https:\/\/prima.sysrq.info\/wp-content\/uploads\/2018\/10\/IMG_1225-1501x1001.jpg 1501w\" sizes=\"auto, (max-width: 1920px) 100vw, 1920px\" \/><\/p>\n<p>&nbsp;<\/p>\n<p>OBS: hvis hunden blir &raquo; dette fikser jeg selv&raquo; s\u00e5 g\u00e5r man inn og trener mye LYTTE \u00f8velser( PRIMA)<\/p>\n<p>Det er forskjell p\u00e5 om hunden TROR den kan \u00f8velsen, og om den KAN \u00f8velsen<\/p>\n<p>Fart og intensitet er ikke det samme.<\/p>\n<p>Internasjonalt s\u00e5 er det fokus p\u00e5 fart og presisjon- fart trumfer presisjon<\/p>\n<p>Transport er VIKTIG<\/p>\n<p>Karakter i helhet er ikke s\u00e5 viktig(der slo magen min kollb\u00f8tte)<\/p>\n<p>Kj\u00f8rer mye positivt til vanskelige \u00f8velser en uke f\u00f8r konkurranser, legg opp s\u00e5 hunden lykkes. Lek og ha det morro.<\/p>\n<p>Fysisk god form er viktig, hundene blir utsatt for t\u00f8ffe ting<\/p>\n<p>Fysisk form lik bedre mental form<\/p>\n<p><img loading=\"lazy\" decoding=\"async\" class=\"alignnone size-full wp-image-4768\" src=\"http:\/\/prima.sysrq.info\/wp-content\/uploads\/2018\/10\/IMG_1096.jpg\" alt=\"\" width=\"1920\" height=\"1280\" srcset=\"https:\/\/prima.sysrq.info\/wp-content\/uploads\/2018\/10\/IMG_1096.jpg 1920w, https:\/\/prima.sysrq.info\/wp-content\/uploads\/2018\/10\/IMG_1096-150x100.jpg 150w, https:\/\/prima.sysrq.info\/wp-content\/uploads\/2018\/10\/IMG_1096-300x200.jpg 300w, https:\/\/prima.sysrq.info\/wp-content\/uploads\/2018\/10\/IMG_1096-768x512.jpg 768w, https:\/\/prima.sysrq.info\/wp-content\/uploads\/2018\/10\/IMG_1096-1501x1001.jpg 1501w\" sizes=\"auto, (max-width: 1920px) 100vw, 1920px\" \/><\/p>\n<p>\u00e5 ha langfri innimellom \u00f8ker motivasjone og suget til hunden<\/p>\n<p>I ringen:<\/p>\n<p>Tilstedev\u00e6relse i ringen<\/p>\n<p>N\u00f8l ikke i ringen, man m\u00e5 v\u00e6re sikker og trygg<\/p>\n<p>Gj\u00f8r som DoMMEREN sier, uansett<\/p>\n<p>Trenger \u00e5 trene masse venting, transporter- hva en gj\u00f8r mellom \u00f8velsene.<\/p>\n<p>OBS: dette er kun ting jeg har skrevet ned, og slik jeg har forst\u00e5tt det.<\/p>\n<p><img loading=\"lazy\" decoding=\"async\" class=\"alignnone size-full wp-image-4765\" src=\"http:\/\/prima.sysrq.info\/wp-content\/uploads\/2018\/10\/IMG_1082.jpg\" alt=\"\" width=\"1920\" height=\"1280\" srcset=\"https:\/\/prima.sysrq.info\/wp-content\/uploads\/2018\/10\/IMG_1082.jpg 1920w, https:\/\/prima.sysrq.info\/wp-content\/uploads\/2018\/10\/IMG_1082-150x100.jpg 150w, https:\/\/prima.sysrq.info\/wp-content\/uploads\/2018\/10\/IMG_1082-300x200.jpg 300w, https:\/\/prima.sysrq.info\/wp-content\/uploads\/2018\/10\/IMG_1082-768x512.jpg 768w, https:\/\/prima.sysrq.info\/wp-content\/uploads\/2018\/10\/IMG_1082-1501x1001.jpg 1501w\" sizes=\"auto, (max-width: 1920px) 100vw, 1920px\" \/><\/p>\n<p><img loading=\"lazy\" decoding=\"async\" class=\"alignnone size-full wp-image-4766\" src=\"http:\/\/prima.sysrq.info\/wp-content\/uploads\/2018\/10\/IMG_1089.jpg\" alt=\"\" width=\"1920\" height=\"1280\" srcset=\"https:\/\/prima.sysrq.info\/wp-content\/uploads\/2018\/10\/IMG_1089.jpg 1920w, https:\/\/prima.sysrq.info\/wp-content\/uploads\/2018\/10\/IMG_1089-150x100.jpg 150w, https:\/\/prima.sysrq.info\/wp-content\/uploads\/2018\/10\/IMG_1089-300x200.jpg 300w, https:\/\/prima.sysrq.info\/wp-content\/uploads\/2018\/10\/IMG_1089-768x512.jpg 768w, https:\/\/prima.sysrq.info\/wp-content\/uploads\/2018\/10\/IMG_1089-1501x1001.jpg 1501w\" sizes=\"auto, (max-width: 1920px) 100vw, 1920px\" \/><\/p>\n<p>Utfordrende nesepr\u00f8ve<\/p>\n<p><img loading=\"lazy\" decoding=\"async\" class=\"alignnone size-full wp-image-4770\" src=\"http:\/\/prima.sysrq.info\/wp-content\/uploads\/2018\/10\/IMG_1099.jpg\" alt=\"\" width=\"1920\" height=\"1280\" srcset=\"https:\/\/prima.sysrq.info\/wp-content\/uploads\/2018\/10\/IMG_1099.jpg 1920w, https:\/\/prima.sysrq.info\/wp-content\/uploads\/2018\/10\/IMG_1099-150x100.jpg 150w, https:\/\/prima.sysrq.info\/wp-content\/uploads\/2018\/10\/IMG_1099-300x200.jpg 300w, https:\/\/prima.sysrq.info\/wp-content\/uploads\/2018\/10\/IMG_1099-768x512.jpg 768w, https:\/\/prima.sysrq.info\/wp-content\/uploads\/2018\/10\/IMG_1099-1501x1001.jpg 1501w\" sizes=\"auto, (max-width: 1920px) 100vw, 1920px\" \/><\/p>\n<p>Han her minner meg om N\u00e5s\u00e5en i The julekalender- en knakende god hund<\/p>\n<p>Prima fikk denne dagen, trent veldig mye p\u00e5 lytte \u00f8velser- for ho tenker sj\u00f8l ho lille gullmynten.<\/p>\n<p><img loading=\"lazy\" decoding=\"async\" class=\"alignnone size-full wp-image-4771\" src=\"http:\/\/prima.sysrq.info\/wp-content\/uploads\/2018\/10\/IMG_1109.jpg\" alt=\"\" width=\"1920\" height=\"1280\" srcset=\"https:\/\/prima.sysrq.info\/wp-content\/uploads\/2018\/10\/IMG_1109.jpg 1920w, https:\/\/prima.sysrq.info\/wp-content\/uploads\/2018\/10\/IMG_1109-150x100.jpg 150w, https:\/\/prima.sysrq.info\/wp-content\/uploads\/2018\/10\/IMG_1109-300x200.jpg 300w, https:\/\/prima.sysrq.info\/wp-content\/uploads\/2018\/10\/IMG_1109-768x512.jpg 768w, https:\/\/prima.sysrq.info\/wp-content\/uploads\/2018\/10\/IMG_1109-1501x1001.jpg 1501w\" sizes=\"auto, (max-width: 1920px) 100vw, 1920px\" \/><\/p>\n<p><img loading=\"lazy\" decoding=\"async\" class=\"alignnone size-full wp-image-4774\" src=\"http:\/\/prima.sysrq.info\/wp-content\/uploads\/2018\/10\/IMG_1135.jpg\" alt=\"\" width=\"1920\" height=\"1280\" srcset=\"https:\/\/prima.sysrq.info\/wp-content\/uploads\/2018\/10\/IMG_1135.jpg 1920w, https:\/\/prima.sysrq.info\/wp-content\/uploads\/2018\/10\/IMG_1135-150x100.jpg 150w, https:\/\/prima.sysrq.info\/wp-content\/uploads\/2018\/10\/IMG_1135-300x200.jpg 300w, https:\/\/prima.sysrq.info\/wp-content\/uploads\/2018\/10\/IMG_1135-768x512.jpg 768w, https:\/\/prima.sysrq.info\/wp-content\/uploads\/2018\/10\/IMG_1135-1501x1001.jpg 1501w\" sizes=\"auto, (max-width: 1920px) 100vw, 1920px\" \/><\/p>\n<p>Sjarm\u00f8ren<\/p>\n<p>Jeg kunne feks kaste en apportbukk, og s\u00e5 kommandere helt om marsj&#8230;.. Prima fikk sjokk..<\/p>\n<p><img loading=\"lazy\" decoding=\"async\" class=\"alignnone size-full wp-image-4776\" src=\"http:\/\/prima.sysrq.info\/wp-content\/uploads\/2018\/10\/IMG_1152.jpg\" alt=\"\" width=\"1920\" height=\"1280\" srcset=\"https:\/\/prima.sysrq.info\/wp-content\/uploads\/2018\/10\/IMG_1152.jpg 1920w, https:\/\/prima.sysrq.info\/wp-content\/uploads\/2018\/10\/IMG_1152-150x100.jpg 150w, https:\/\/prima.sysrq.info\/wp-content\/uploads\/2018\/10\/IMG_1152-300x200.jpg 300w, https:\/\/prima.sysrq.info\/wp-content\/uploads\/2018\/10\/IMG_1152-768x512.jpg 768w, https:\/\/prima.sysrq.info\/wp-content\/uploads\/2018\/10\/IMG_1152-1501x1001.jpg 1501w\" sizes=\"auto, (max-width: 1920px) 100vw, 1920px\" \/><\/p>\n<p>Pr\u00f8vde ogs\u00e5 i andre settinger med forskjellige \u00f8velser- dette har Prima godt av.<\/p>\n<p>Vi trente ogs\u00e5 p\u00e5 at hun skal ha FOKUS p\u00e5 MEG uansett- det synes Prima var enda vanskligere. Og her har jeg en megajobb \u00e5 gj\u00f8re<\/p>\n<p><img loading=\"lazy\" decoding=\"async\" class=\"alignnone size-full wp-image-4777\" src=\"http:\/\/prima.sysrq.info\/wp-content\/uploads\/2018\/10\/IMG_1170.jpg\" alt=\"\" width=\"1920\" height=\"1280\" srcset=\"https:\/\/prima.sysrq.info\/wp-content\/uploads\/2018\/10\/IMG_1170.jpg 1920w, https:\/\/prima.sysrq.info\/wp-content\/uploads\/2018\/10\/IMG_1170-150x100.jpg 150w, https:\/\/prima.sysrq.info\/wp-content\/uploads\/2018\/10\/IMG_1170-300x200.jpg 300w, https:\/\/prima.sysrq.info\/wp-content\/uploads\/2018\/10\/IMG_1170-768x512.jpg 768w, https:\/\/prima.sysrq.info\/wp-content\/uploads\/2018\/10\/IMG_1170-1501x1001.jpg 1501w\" sizes=\"auto, (max-width: 1920px) 100vw, 1920px\" \/><\/p>\n<p>Jeg synes det var kjempeg\u00f8y trening, og Prima ble skikkelig sliten. Og selv om hun blir h\u00f8y skal hun tenke<\/p>\n<p><img loading=\"lazy\" decoding=\"async\" class=\"alignnone size-full wp-image-4782\" src=\"http:\/\/prima.sysrq.info\/wp-content\/uploads\/2018\/10\/IMG_1211.jpg\" alt=\"\" width=\"1920\" height=\"1280\" srcset=\"https:\/\/prima.sysrq.info\/wp-content\/uploads\/2018\/10\/IMG_1211.jpg 1920w, https:\/\/prima.sysrq.info\/wp-content\/uploads\/2018\/10\/IMG_1211-150x100.jpg 150w, https:\/\/prima.sysrq.info\/wp-content\/uploads\/2018\/10\/IMG_1211-300x200.jpg 300w, https:\/\/prima.sysrq.info\/wp-content\/uploads\/2018\/10\/IMG_1211-768x512.jpg 768w, https:\/\/prima.sysrq.info\/wp-content\/uploads\/2018\/10\/IMG_1211-1501x1001.jpg 1501w\" sizes=\"auto, (max-width: 1920px) 100vw, 1920px\" \/><\/p>\n<p>Kristin mente ikke at hun var s\u00e5 &laquo;mye&raquo; hund, men skj\u00f8nte at jeg trolig f\u00f8lte litt slik fordi jeg hadde hatt dalmatiner. Hun mente heller at hun ikke har fokus p\u00e5 meg, og jeg derfor sliter med \u00e5 stole p\u00e5 henne.<\/p>\n<p><img loading=\"lazy\" decoding=\"async\" class=\"alignnone size-full wp-image-4763\" src=\"http:\/\/prima.sysrq.info\/wp-content\/uploads\/2018\/10\/IMG_1071.jpg\" alt=\"\" width=\"1920\" height=\"1280\" srcset=\"https:\/\/prima.sysrq.info\/wp-content\/uploads\/2018\/10\/IMG_1071.jpg 1920w, https:\/\/prima.sysrq.info\/wp-content\/uploads\/2018\/10\/IMG_1071-150x100.jpg 150w, https:\/\/prima.sysrq.info\/wp-content\/uploads\/2018\/10\/IMG_1071-300x200.jpg 300w, https:\/\/prima.sysrq.info\/wp-content\/uploads\/2018\/10\/IMG_1071-768x512.jpg 768w, https:\/\/prima.sysrq.info\/wp-content\/uploads\/2018\/10\/IMG_1071-1501x1001.jpg 1501w\" sizes=\"auto, (max-width: 1920px) 100vw, 1920px\" \/><\/p>\n<p>Vi fikk ogs\u00e5 et h\u00e5rete m\u00e5l:<\/p>\n<p>Jeg har flere ganger pr\u00f8vd \u00e5 g\u00e5 med h\u00e5nda p\u00e5 utsida hodet hennes<\/p>\n<p><img loading=\"lazy\" decoding=\"async\" class=\"alignnone size-full wp-image-4761\" src=\"http:\/\/prima.sysrq.info\/wp-content\/uploads\/2018\/10\/IMG_1047.jpg\" alt=\"\" width=\"1920\" height=\"1280\" srcset=\"https:\/\/prima.sysrq.info\/wp-content\/uploads\/2018\/10\/IMG_1047.jpg 1920w, https:\/\/prima.sysrq.info\/wp-content\/uploads\/2018\/10\/IMG_1047-150x100.jpg 150w, https:\/\/prima.sysrq.info\/wp-content\/uploads\/2018\/10\/IMG_1047-300x200.jpg 300w, https:\/\/prima.sysrq.info\/wp-content\/uploads\/2018\/10\/IMG_1047-768x512.jpg 768w, https:\/\/prima.sysrq.info\/wp-content\/uploads\/2018\/10\/IMG_1047-1501x1001.jpg 1501w\" sizes=\"auto, (max-width: 1920px) 100vw, 1920px\" \/><\/p>\n<p>Enten med godis eller leke- og jeg f\u00e5r det ikke til. Hodet til Prima pr\u00f8ver jo p\u00e5 en 360..;)<\/p>\n<p>S\u00e5 jeg har bare gitt opp, men det er akkurat det jeg skal jobbe med.<\/p>\n<p>Og jeg skal KLARE DET INNEN JUL!!!!<\/p>\n<p><img loading=\"lazy\" decoding=\"async\" class=\"alignnone size-full wp-image-4783\" src=\"http:\/\/prima.sysrq.info\/wp-content\/uploads\/2018\/10\/IMG_1218.jpg\" alt=\"\" width=\"1920\" height=\"1280\" srcset=\"https:\/\/prima.sysrq.info\/wp-content\/uploads\/2018\/10\/IMG_1218.jpg 1920w, https:\/\/prima.sysrq.info\/wp-content\/uploads\/2018\/10\/IMG_1218-150x100.jpg 150w, https:\/\/prima.sysrq.info\/wp-content\/uploads\/2018\/10\/IMG_1218-300x200.jpg 300w, https:\/\/prima.sysrq.info\/wp-content\/uploads\/2018\/10\/IMG_1218-768x512.jpg 768w, https:\/\/prima.sysrq.info\/wp-content\/uploads\/2018\/10\/IMG_1218-1501x1001.jpg 1501w\" sizes=\"auto, (max-width: 1920px) 100vw, 1920px\" \/><\/p>\n<p>N\u00e5 m\u00e5 vi fokuserer Prima<\/p>\n<p><img loading=\"lazy\" decoding=\"async\" class=\"alignnone size-full wp-image-4778\" src=\"http:\/\/prima.sysrq.info\/wp-content\/uploads\/2018\/10\/IMG_1180.jpg\" alt=\"\" width=\"1920\" height=\"1280\" srcset=\"https:\/\/prima.sysrq.info\/wp-content\/uploads\/2018\/10\/IMG_1180.jpg 1920w, https:\/\/prima.sysrq.info\/wp-content\/uploads\/2018\/10\/IMG_1180-150x100.jpg 150w, https:\/\/prima.sysrq.info\/wp-content\/uploads\/2018\/10\/IMG_1180-300x200.jpg 300w, https:\/\/prima.sysrq.info\/wp-content\/uploads\/2018\/10\/IMG_1180-768x512.jpg 768w, https:\/\/prima.sysrq.info\/wp-content\/uploads\/2018\/10\/IMG_1180-1501x1001.jpg 1501w\" sizes=\"auto, (max-width: 1920px) 100vw, 1920px\" \/><\/p>\n<p>S\u00e5 hovedfokus fremover:<\/p>\n<p>Forstyrrelsetrening<\/p>\n<p>Fokustrening p\u00e5 meg<\/p>\n<p>F\u00f8rste steg i FVF skal v\u00e6re P\u00c5<\/p>\n<p>Ho skal jobbe\/LUYTTE selv om hun er h\u00f8y<\/p>\n<p>Jobb med avstanden, ikke gjem hodet i sanden<\/p>\n<p>La ho f\u00e5 lov til \u00e5 riste av seg frustrasjon og spenning gjennom ball lek el<\/p>\n<p><img loading=\"lazy\" decoding=\"async\" class=\"alignnone size-full wp-image-4772\" src=\"http:\/\/prima.sysrq.info\/wp-content\/uploads\/2018\/10\/IMG_1118.jpg\" alt=\"\" width=\"1920\" height=\"1280\" srcset=\"https:\/\/prima.sysrq.info\/wp-content\/uploads\/2018\/10\/IMG_1118.jpg 1920w, https:\/\/prima.sysrq.info\/wp-content\/uploads\/2018\/10\/IMG_1118-150x100.jpg 150w, https:\/\/prima.sysrq.info\/wp-content\/uploads\/2018\/10\/IMG_1118-300x200.jpg 300w, https:\/\/prima.sysrq.info\/wp-content\/uploads\/2018\/10\/IMG_1118-768x512.jpg 768w, https:\/\/prima.sysrq.info\/wp-content\/uploads\/2018\/10\/IMG_1118-1501x1001.jpg 1501w\" sizes=\"auto, (max-width: 1920px) 100vw, 1920px\" \/><\/p>\n<p>Jeg var litt redd jeg skulle bli starstruck\u00a0 n\u00e5r jeg m\u00f8tte Kristin f\u00f8rste gangen- men s\u00e5 var hun s\u00e5 hyggelig at jeg glemte det helt vekk:)<\/p>\n<p>Oppsummering av helga:<\/p>\n<p>Veldig bra opplegg<\/p>\n<p>Utrolig takknemlig for \u00e5 ha blitt invitert<\/p>\n<p>Blitt sett<\/p>\n<p>F\u00e5tt veldig god hjelp<\/p>\n<p>Veldig koselig gjeng \u00e5 v\u00e6re p\u00e5 kurs med<\/p>\n<p>Masse latter, koselige lunsjer og prat<\/p>\n<p>Fikk klare konsise tilbakemelding<\/p>\n<p>Veldig bra teori, og en merker at det er mye erfaring<\/p>\n<p>har flere l\u00f8sninger p\u00e5 samme problem<\/p>\n<p>Spennede nye tanker<\/p>\n<p>Veldig positiv stemning<\/p>\n<p>Alts\u00e5 en virkelig herlig helg<\/p>\n<p>Tusen takk alle sammen for at dette ble s\u00e5 utrolig bra<\/p>\n<p><img loading=\"lazy\" decoding=\"async\" class=\"alignnone size-full wp-image-4775\" src=\"http:\/\/prima.sysrq.info\/wp-content\/uploads\/2018\/10\/IMG_1141.jpg\" alt=\"\" width=\"1920\" height=\"1280\" srcset=\"https:\/\/prima.sysrq.info\/wp-content\/uploads\/2018\/10\/IMG_1141.jpg 1920w, https:\/\/prima.sysrq.info\/wp-content\/uploads\/2018\/10\/IMG_1141-150x100.jpg 150w, https:\/\/prima.sysrq.info\/wp-content\/uploads\/2018\/10\/IMG_1141-300x200.jpg 300w, https:\/\/prima.sysrq.info\/wp-content\/uploads\/2018\/10\/IMG_1141-768x512.jpg 768w, https:\/\/prima.sysrq.info\/wp-content\/uploads\/2018\/10\/IMG_1141-1501x1001.jpg 1501w\" sizes=\"auto, (max-width: 1920px) 100vw, 1920px\" \/><\/p>\n<p>&nbsp;<\/p>\n","protected":false},"excerpt":{"rendered":"<p>Robin til Kristin Han var litt demohund Vel hjemme fra dag 1 var jeg s\u00e5 tr\u00f8tt at jeg sl\u00f8vet resten av dagen- det tar p\u00e5 \u00e5 bruke hue for b\u00e5de tobente og firbente.\u00a0 Men vi gledet oss til neste dag:) P\u00e5 dag to pratet hun mer om konkurranse og hvordan gj\u00f8re seg klar til konkurranse. &hellip; <a href=\"https:\/\/prima.sysrq.info\/index.php\/2018\/10\/30\/kurs-dag-2\/\" class=\"more-link\">Fortsett \u00e5 lese <span class=\"screen-reader-text\">Kurs dag 2<\/span> <span class=\"meta-nav\">&rarr;<\/span><\/a><\/p>\n","protected":false},"author":2,"featured_media":0,"comment_status":"open","ping_status":"open","sticky":false,"template":"","format":"standard","meta":{"footnotes":""},"categories":[1],"tags":[4,6,10,316,19,22,27,33,54,59,66,87,106,115,116,119,126,134,157,268,188,214],"class_list":["post-4785","post","type-post","status-publish","format-standard","hentry","category-uncategorized","tag-aktivisering","tag-apport","tag-avknapp","tag-belgisk-farehund","tag-belonning","tag-bilder","tag-border-collie","tag-burtrening","tag-fokus","tag-fvf","tag-golden-retriever","tag-jaktgolden","tag-konkurransepsykologi","tag-kurs","tag-labrador-retriever","tag-lek","tag-lydighet","tag-mentaltrening","tag-prima","tag-schaefer","tag-sosialisering","tag-trening"],"_links":{"self":[{"href":"https:\/\/prima.sysrq.info\/index.php\/wp-json\/wp\/v2\/posts\/4785","targetHints":{"allow":["GET"]}}],"collection":[{"href":"https:\/\/prima.sysrq.info\/index.php\/wp-json\/wp\/v2\/posts"}],"about":[{"href":"https:\/\/prima.sysrq.info\/index.php\/wp-json\/wp\/v2\/types\/post"}],"author":[{"embeddable":true,"href":"https:\/\/prima.sysrq.info\/index.php\/wp-json\/wp\/v2\/users\/2"}],"replies":[{"embeddable":true,"href":"https:\/\/prima.sysrq.info\/index.php\/wp-json\/wp\/v2\/comments?post=4785"}],"version-history":[{"count":1,"href":"https:\/\/prima.sysrq.info\/index.php\/wp-json\/wp\/v2\/posts\/4785\/revisions"}],"predecessor-version":[{"id":4786,"href":"https:\/\/prima.sysrq.info\/index.php\/wp-json\/wp\/v2\/posts\/4785\/revisions\/4786"}],"wp:attachment":[{"href":"https:\/\/prima.sysrq.info\/index.php\/wp-json\/wp\/v2\/media?parent=4785"}],"wp:term":[{"taxonomy":"category","embeddable":true,"href":"https:\/\/prima.sysrq.info\/index.php\/wp-json\/wp\/v2\/categories?post=4785"},{"taxonomy":"post_tag","embeddable":true,"href":"https:\/\/prima.sysrq.info\/index.php\/wp-json\/wp\/v2\/tags?post=4785"}],"curies":[{"name":"wp","href":"https:\/\/api.w.org\/{rel}","templated":true}]}}