{"id":4857,"date":"2018-12-28T21:07:31","date_gmt":"2018-12-28T20:07:31","guid":{"rendered":"http:\/\/prima.sysrq.info\/?p=4857"},"modified":"2018-12-28T21:07:32","modified_gmt":"2018-12-28T20:07:32","slug":"aret-2018","status":"publish","type":"post","link":"https:\/\/prima.sysrq.info\/index.php\/2018\/12\/28\/aret-2018\/","title":{"rendered":"\u00c5ret 2018"},"content":{"rendered":"\n<p>Januar:<\/p>\n\n\n\n<p>Denne m\u00e5neden ble preget av mye mental trening f\u00f8r stevne, og litt turer. Fikk ogs\u00e5 lest en bok som fikk meg til \u00e5 tenke ang mitt eget hundehold.<\/p>\n\n\n\n<ul class=\"wp-block-gallery columns-1 is-cropped wp-block-gallery-1 is-layout-flex wp-block-gallery-is-layout-flex\"><li class=\"blocks-gallery-item\"><figure><img loading=\"lazy\" decoding=\"async\" width=\"1003\" height=\"1505\" src=\"http:\/\/prima.sysrq.info\/wp-content\/uploads\/2018\/02\/IMG_1707-1003x1505.jpg\" alt=\"\" data-id=\"3750\" data-link=\"http:\/\/prima.sysrq.info\/index.php\/2018\/02\/05\/rallystevne-i-arendal\/img_1707\/\" class=\"wp-image-3750\" srcset=\"https:\/\/prima.sysrq.info\/wp-content\/uploads\/2018\/02\/IMG_1707-1003x1505.jpg 1003w, https:\/\/prima.sysrq.info\/wp-content\/uploads\/2018\/02\/IMG_1707-100x150.jpg 100w, https:\/\/prima.sysrq.info\/wp-content\/uploads\/2018\/02\/IMG_1707-200x300.jpg 200w, https:\/\/prima.sysrq.info\/wp-content\/uploads\/2018\/02\/IMG_1707-768x1152.jpg 768w, https:\/\/prima.sysrq.info\/wp-content\/uploads\/2018\/02\/IMG_1707-1200x1800.jpg 1200w, https:\/\/prima.sysrq.info\/wp-content\/uploads\/2018\/02\/IMG_1707.jpg 1280w\" sizes=\"auto, (max-width: 1003px) 100vw, 1003px\" \/><figcaption>V\u00e5r f\u00f8rste cert<\/figcaption><\/figure><\/li><\/ul>\n\n\n\n<p>Februar:<\/p>\n\n\n\n<p>Vi fikk v\u00e5rt f\u00f8rste cert i Elite, det smakte godt.<\/p>\n\n\n\n<figure class=\"wp-block-image\"><img loading=\"lazy\" decoding=\"async\" width=\"1920\" height=\"1280\" src=\"http:\/\/prima.sysrq.info\/wp-content\/uploads\/2018\/02\/IMG_2188.jpg\" alt=\"\" class=\"wp-image-3798\" srcset=\"https:\/\/prima.sysrq.info\/wp-content\/uploads\/2018\/02\/IMG_2188.jpg 1920w, https:\/\/prima.sysrq.info\/wp-content\/uploads\/2018\/02\/IMG_2188-150x100.jpg 150w, https:\/\/prima.sysrq.info\/wp-content\/uploads\/2018\/02\/IMG_2188-300x200.jpg 300w, https:\/\/prima.sysrq.info\/wp-content\/uploads\/2018\/02\/IMG_2188-768x512.jpg 768w, https:\/\/prima.sysrq.info\/wp-content\/uploads\/2018\/02\/IMG_2188-1501x1001.jpg 1501w, https:\/\/prima.sysrq.info\/wp-content\/uploads\/2018\/02\/IMG_2188-1200x800.jpg 1200w\" sizes=\"auto, (max-width: 1920px) 100vw, 1920px\" \/><figcaption>Her er vi fra stevne i Porsgrunn, hvor vi klarte v\u00e5rt andre cert- det smakte ogs\u00e5 godt. Februar ble preget av mye rallystevner<br><br><\/figcaption><\/figure>\n\n\n\n<p>Mars: <\/p>\n\n\n\n<p>Ble preget av en mnd hvor i pr\u00f8vde mye nytt:)<\/p>\n\n\n\n<figure class=\"wp-block-image\"><img loading=\"lazy\" decoding=\"async\" width=\"1920\" height=\"1280\" src=\"http:\/\/prima.sysrq.info\/wp-content\/uploads\/2018\/03\/IMG_2787.jpg\" alt=\"\" class=\"wp-image-3882\" srcset=\"https:\/\/prima.sysrq.info\/wp-content\/uploads\/2018\/03\/IMG_2787.jpg 1920w, https:\/\/prima.sysrq.info\/wp-content\/uploads\/2018\/03\/IMG_2787-150x100.jpg 150w, https:\/\/prima.sysrq.info\/wp-content\/uploads\/2018\/03\/IMG_2787-300x200.jpg 300w, https:\/\/prima.sysrq.info\/wp-content\/uploads\/2018\/03\/IMG_2787-768x512.jpg 768w, https:\/\/prima.sysrq.info\/wp-content\/uploads\/2018\/03\/IMG_2787-1501x1001.jpg 1501w, https:\/\/prima.sysrq.info\/wp-content\/uploads\/2018\/03\/IMG_2787-1200x800.jpg 1200w\" sizes=\"auto, (max-width: 1920px) 100vw, 1920px\" \/><figcaption>Prima i utstillingsklipp for f\u00f8rste og siste gang i sitt liv.\u00a0<br><br><\/figcaption><\/figure>\n\n\n\n<figure class=\"wp-block-image\"><img loading=\"lazy\" decoding=\"async\" width=\"1920\" height=\"1280\" src=\"http:\/\/prima.sysrq.info\/wp-content\/uploads\/2018\/03\/IMG_2260.jpg\" alt=\"\" class=\"wp-image-3809\" srcset=\"https:\/\/prima.sysrq.info\/wp-content\/uploads\/2018\/03\/IMG_2260.jpg 1920w, https:\/\/prima.sysrq.info\/wp-content\/uploads\/2018\/03\/IMG_2260-150x100.jpg 150w, https:\/\/prima.sysrq.info\/wp-content\/uploads\/2018\/03\/IMG_2260-300x200.jpg 300w, https:\/\/prima.sysrq.info\/wp-content\/uploads\/2018\/03\/IMG_2260-768x512.jpg 768w, https:\/\/prima.sysrq.info\/wp-content\/uploads\/2018\/03\/IMG_2260-1501x1001.jpg 1501w, https:\/\/prima.sysrq.info\/wp-content\/uploads\/2018\/03\/IMG_2260-1200x800.jpg 1200w\" sizes=\"auto, (max-width: 1920px) 100vw, 1920px\" \/><figcaption>Personlig synes jeg hun er vakrest slik<br><br><br><\/figcaption><\/figure>\n\n\n\n<p>Vi dro p\u00e5 utstilling, og vi klarte \u00e5 f\u00e5 to gulsl\u00f8yfer, med meget gode kritikker. Faktisk en koselig og g\u00f8yal opplevelse. <\/p>\n\n\n\n<p>April:<\/p>\n\n\n\n<p>Denne m\u00e5neden ble preget av et helgekurs i agility, Prima storkoste seg:)<\/p>\n\n\n\n<p>Ellers var det mye sykdom p\u00e5 Prima, men vi kom oss igjennom det ogs\u00e5.<\/p>\n\n\n\n<p>Ellers ble det mer utetrening, v\u00e5ren var kommet.<\/p>\n\n\n\n<p>Mai:<\/p>\n\n\n\n<p>Jeg leste en god rallybok, og jeg fikk kj\u00f8pt meg en god rallyfilm med gode tips og r\u00e5d.<\/p>\n\n\n\n<p>Vi hadde utrolig mye fint og varmt v\u00e6r, noe som gjorde det vi likte best \u00e5 sykle en\u00a0 liten utfordring- ble mye tidlige morgener.<\/p>\n\n\n\n<p>Juni:<\/p>\n\n\n\n<p>Finv\u00e6ret og varmen forsetter. Vi har ogs\u00e5 begynt \u00e5 trene mer alvorlig mot klasse tre<\/p>\n\n\n\n<figure class=\"wp-block-image\"><img loading=\"lazy\" decoding=\"async\" width=\"473\" height=\"631\" src=\"http:\/\/prima.sysrq.info\/wp-content\/uploads\/2018\/06\/20180603_145255.jpg\" alt=\"\" class=\"wp-image-4032\" srcset=\"https:\/\/prima.sysrq.info\/wp-content\/uploads\/2018\/06\/20180603_145255.jpg 473w, https:\/\/prima.sysrq.info\/wp-content\/uploads\/2018\/06\/20180603_145255-112x150.jpg 112w, https:\/\/prima.sysrq.info\/wp-content\/uploads\/2018\/06\/20180603_145255-225x300.jpg 225w\" sizes=\"auto, (max-width: 473px) 100vw, 473px\" \/><figcaption>B\u00e5tturer og bading ble det en del av. Vi kom sakte men sikkert mer i sommermodus.<br><br><\/figcaption><\/figure>\n\n\n\n<p>Vi var p\u00e5 flere rallycuper, og jeg debuterte som dommer(p\u00e5 cup) og synes det var nerverpirrende , og pittelitt g\u00f8y. Synes vel det mest g\u00f8ye var \u00e5 lage banene. <\/p>\n\n\n\n<p>Prima er i god form, vekta ned mot 21 kg, og selv om varmen preger henne klarte hun \u00e5 vinne \u00e5rets RL klubbmesterskap i Elite- juhu.<\/p>\n\n\n\n<p>JULI:<\/p>\n\n\n\n<p>Denne mnd kom l\u00f8petida, men vi var ogs\u00e5 veldig aktive p\u00e5 treningsfronten. Vi var med p\u00e5 noen knallfine treningsgrupper, og hadde et kjempefint opplegg. Veldig l\u00e6rerikt og g\u00f8y. Varmen var fremdeles her, s\u00e5 vi m\u00e5tte finne alternative m\u00e5ter \u00e5 trene muskler p\u00e5- kjettingtrekk var g\u00f8y.<\/p>\n\n\n\n<p>August:<\/p>\n\n\n\n<p>Prima var med p\u00e5 agilitycup med annen f\u00f8rer, og det f\u00f8rte til brist i ribbena til handler- toppers s\u00e5 g\u00f8y med folk som legger seg ned i banen sa Prima. <\/p>\n\n\n\n<figure class=\"wp-block-image\"><img loading=\"lazy\" decoding=\"async\" width=\"1449\" height=\"966\" src=\"http:\/\/prima.sysrq.info\/wp-content\/uploads\/2018\/08\/sistebildezsverige-valper-4-uker-292.jpg\" alt=\"\" class=\"wp-image-4412\" srcset=\"https:\/\/prima.sysrq.info\/wp-content\/uploads\/2018\/08\/sistebildezsverige-valper-4-uker-292.jpg 1449w, https:\/\/prima.sysrq.info\/wp-content\/uploads\/2018\/08\/sistebildezsverige-valper-4-uker-292-150x100.jpg 150w, https:\/\/prima.sysrq.info\/wp-content\/uploads\/2018\/08\/sistebildezsverige-valper-4-uker-292-300x200.jpg 300w, https:\/\/prima.sysrq.info\/wp-content\/uploads\/2018\/08\/sistebildezsverige-valper-4-uker-292-768x512.jpg 768w, https:\/\/prima.sysrq.info\/wp-content\/uploads\/2018\/08\/sistebildezsverige-valper-4-uker-292-1200x800.jpg 1200w\" sizes=\"auto, (max-width: 1449px) 100vw, 1449px\" \/><\/figure>\n\n\n\n<p>Hun ble ogs\u00e5 fem \u00e5r, og ble beh\u00f8rig feiret med kake, lek, trening, hyttetur, tur i fjellet, feiring og gaver. <\/p>\n\n\n\n<figure class=\"wp-block-image\"><img loading=\"lazy\" decoding=\"async\" width=\"909\" height=\"960\" src=\"http:\/\/prima.sysrq.info\/wp-content\/uploads\/2018\/08\/40068295_1925194720865997_2736145328649535488_n.jpg\" alt=\"\" class=\"wp-image-4502\" srcset=\"https:\/\/prima.sysrq.info\/wp-content\/uploads\/2018\/08\/40068295_1925194720865997_2736145328649535488_n.jpg 909w, https:\/\/prima.sysrq.info\/wp-content\/uploads\/2018\/08\/40068295_1925194720865997_2736145328649535488_n-142x150.jpg 142w, https:\/\/prima.sysrq.info\/wp-content\/uploads\/2018\/08\/40068295_1925194720865997_2736145328649535488_n-284x300.jpg 284w, https:\/\/prima.sysrq.info\/wp-content\/uploads\/2018\/08\/40068295_1925194720865997_2736145328649535488_n-768x811.jpg 768w\" sizes=\"auto, (max-width: 909px) 100vw, 909px\" \/><\/figure>\n\n\n\n<p>Vi klarte championatet i RL, for en dag, for en hund for et team vi er.<\/p>\n\n\n\n<p>September:<\/p>\n\n\n\n<p>Jeg jobbet med meg selv mentalt, og laget meg nye m\u00e5l.<\/p>\n\n\n\n<p>vi hadde noen kjempefine treninger, jeg var med \u00e5 heiet p\u00e5 venner p\u00e5 stevne, og de gjorde det knallbra.<\/p>\n\n\n\n<p>Vi hadde et av bloggens mest bes\u00f8kte innlegg av en gjesteblogger, et veldig bra innlegg.<\/p>\n\n\n\n<p>Oktober:<\/p>\n\n\n\n<p>Fine turer, fine treninger og mye lesing kan vel oppsummere denne mnd<\/p>\n\n\n\n<figure class=\"wp-block-image\"><img loading=\"lazy\" decoding=\"async\" width=\"1920\" height=\"1280\" src=\"http:\/\/prima.sysrq.info\/wp-content\/uploads\/2018\/10\/IMG_9988.jpg\" alt=\"\" class=\"wp-image-4696\" srcset=\"https:\/\/prima.sysrq.info\/wp-content\/uploads\/2018\/10\/IMG_9988.jpg 1920w, https:\/\/prima.sysrq.info\/wp-content\/uploads\/2018\/10\/IMG_9988-150x100.jpg 150w, https:\/\/prima.sysrq.info\/wp-content\/uploads\/2018\/10\/IMG_9988-300x200.jpg 300w, https:\/\/prima.sysrq.info\/wp-content\/uploads\/2018\/10\/IMG_9988-768x512.jpg 768w, https:\/\/prima.sysrq.info\/wp-content\/uploads\/2018\/10\/IMG_9988-1501x1001.jpg 1501w\" sizes=\"auto, (max-width: 1920px) 100vw, 1920px\" \/><\/figure>\n\n\n\n<p>Vi hadde ogs\u00e5 et knallkurs med Kristin Gudem.<br><\/p>\n\n\n\n<p>November:<\/p>\n\n\n\n<p>Knallkurs med Siv Svendsen. Jeg \u00f8dela foten,(slutten av oktober) det ble mye mindre turer p\u00e5 Prima, hadde heldigvis fine venner som stilte opp:)<\/p>\n\n\n\n<p>Det var mye LP, og hvordan jeg skal legge opp trening osv.<\/p>\n\n\n\n<p>Desember: <\/p>\n\n\n\n<p>ET ord REHAB. Som vi er dritt lei.<\/p>\n\n\n\n<p>Men Prima har v\u00e6rt utrolig flink og t\u00e5lmodig. Matmor har nok hatt det verre. N\u00e5 h\u00e5per vi at neste \u00e5r blir et bedre \u00e5r b\u00e5de fysisk for oss begge to og treningsmessig. Jeg holder p\u00e5 \u00e5 snekre sammen en plan n\u00e5. <\/p>\n\n\n\n<p>Mine h\u00e5rete m\u00e5l for \u00e5ret som var ble oppfylt,hvertfall noen av de:)<\/p>\n\n\n\n<p><br><\/p>\n","protected":false},"excerpt":{"rendered":"<p>Januar: Denne m\u00e5neden ble preget av mye mental trening f\u00f8r stevne, og litt turer. Fikk ogs\u00e5 lest en bok som fikk meg til \u00e5 tenke ang mitt eget hundehold. Februar: Vi fikk v\u00e5rt f\u00f8rste cert i Elite, det smakte godt. Mars: Ble preget av en mnd hvor i pr\u00f8vde mye nytt:) Vi dro p\u00e5 utstilling, &hellip; <a href=\"https:\/\/prima.sysrq.info\/index.php\/2018\/12\/28\/aret-2018\/\" class=\"more-link\">Fortsett \u00e5 lese <span class=\"screen-reader-text\">\u00c5ret 2018<\/span> <span class=\"meta-nav\">&rarr;<\/span><\/a><\/p>\n","protected":false},"author":2,"featured_media":0,"comment_status":"open","ping_status":"open","sticky":false,"template":"","format":"standard","meta":{"footnotes":""},"categories":[1],"tags":[22,271,324,75,118,134,157,163,198],"class_list":["post-4857","post","type-post","status-publish","format-standard","hentry","category-uncategorized","tag-bilder","tag-cert","tag-championat","tag-helse","tag-lopetid","tag-mentaltrening","tag-prima","tag-rallylydighet","tag-stevner"],"_links":{"self":[{"href":"https:\/\/prima.sysrq.info\/index.php\/wp-json\/wp\/v2\/posts\/4857","targetHints":{"allow":["GET"]}}],"collection":[{"href":"https:\/\/prima.sysrq.info\/index.php\/wp-json\/wp\/v2\/posts"}],"about":[{"href":"https:\/\/prima.sysrq.info\/index.php\/wp-json\/wp\/v2\/types\/post"}],"author":[{"embeddable":true,"href":"https:\/\/prima.sysrq.info\/index.php\/wp-json\/wp\/v2\/users\/2"}],"replies":[{"embeddable":true,"href":"https:\/\/prima.sysrq.info\/index.php\/wp-json\/wp\/v2\/comments?post=4857"}],"version-history":[{"count":1,"href":"https:\/\/prima.sysrq.info\/index.php\/wp-json\/wp\/v2\/posts\/4857\/revisions"}],"predecessor-version":[{"id":4858,"href":"https:\/\/prima.sysrq.info\/index.php\/wp-json\/wp\/v2\/posts\/4857\/revisions\/4858"}],"wp:attachment":[{"href":"https:\/\/prima.sysrq.info\/index.php\/wp-json\/wp\/v2\/media?parent=4857"}],"wp:term":[{"taxonomy":"category","embeddable":true,"href":"https:\/\/prima.sysrq.info\/index.php\/wp-json\/wp\/v2\/categories?post=4857"},{"taxonomy":"post_tag","embeddable":true,"href":"https:\/\/prima.sysrq.info\/index.php\/wp-json\/wp\/v2\/tags?post=4857"}],"curies":[{"name":"wp","href":"https:\/\/api.w.org\/{rel}","templated":true}]}}