{"id":5307,"date":"2019-05-12T12:09:51","date_gmt":"2019-05-12T10:09:51","guid":{"rendered":"http:\/\/prima.sysrq.info\/?p=5307"},"modified":"2019-05-12T12:09:52","modified_gmt":"2019-05-12T10:09:52","slug":"som-en-svane","status":"publish","type":"post","link":"https:\/\/prima.sysrq.info\/index.php\/2019\/05\/12\/som-en-svane\/","title":{"rendered":"Som en svane"},"content":{"rendered":"\n<figure class=\"wp-block-image\"><img loading=\"lazy\" decoding=\"async\" width=\"1501\" height=\"1001\" src=\"http:\/\/prima.sysrq.info\/wp-content\/uploads\/2019\/05\/IMG_2364-1501x1001.jpg\" alt=\"\" class=\"wp-image-5302\" srcset=\"https:\/\/prima.sysrq.info\/wp-content\/uploads\/2019\/05\/IMG_2364-1501x1001.jpg 1501w, https:\/\/prima.sysrq.info\/wp-content\/uploads\/2019\/05\/IMG_2364-150x100.jpg 150w, https:\/\/prima.sysrq.info\/wp-content\/uploads\/2019\/05\/IMG_2364-300x200.jpg 300w, https:\/\/prima.sysrq.info\/wp-content\/uploads\/2019\/05\/IMG_2364-768x512.jpg 768w, https:\/\/prima.sysrq.info\/wp-content\/uploads\/2019\/05\/IMG_2364.jpg 1920w\" sizes=\"auto, (max-width: 1501px) 100vw, 1501px\" \/><\/figure>\n\n\n\n<p>Jeg \u00f8nske at jeg ferdes igjennom livet som en svane, en vakker svane. Som bare glir gjennom vannet, med rene hvite fj\u00e6r og hodet h\u00f8yt hevet<\/p>\n\n\n\n<p>Sannheten er at jeg f\u00f8ler meg mer som en skadeskutt and, som plasker som faen for \u00e5 holde meg flytende. <\/p>\n\n\n\n<p>Men vi har det vel alle s\u00e5nn av og til. <\/p>\n\n\n\n<figure class=\"wp-block-image\"><img loading=\"lazy\" decoding=\"async\" width=\"1501\" height=\"1001\" src=\"http:\/\/prima.sysrq.info\/wp-content\/uploads\/2019\/05\/IMG_2521-1501x1001.jpg\" alt=\"\" class=\"wp-image-5297\" srcset=\"https:\/\/prima.sysrq.info\/wp-content\/uploads\/2019\/05\/IMG_2521-1501x1001.jpg 1501w, https:\/\/prima.sysrq.info\/wp-content\/uploads\/2019\/05\/IMG_2521-150x100.jpg 150w, https:\/\/prima.sysrq.info\/wp-content\/uploads\/2019\/05\/IMG_2521-300x200.jpg 300w, https:\/\/prima.sysrq.info\/wp-content\/uploads\/2019\/05\/IMG_2521-768x512.jpg 768w, https:\/\/prima.sysrq.info\/wp-content\/uploads\/2019\/05\/IMG_2521.jpg 1920w\" sizes=\"auto, (max-width: 1501px) 100vw, 1501px\" \/><\/figure>\n\n\n\n<p>Av og til m\u00e5 man bare h\u00f8yere opp enn alle andre, f\u00e5 utsikt- se andre p\u00e5 en avstand. F\u00e5 puste litt ut h\u00f8yt der oppe, og kikke ned p\u00e5 problemene og frykten. Ting blir mindre og mer overkommelig n\u00e5r man ser det fra avstand<\/p>\n\n\n\n<figure class=\"wp-block-image\"><img loading=\"lazy\" decoding=\"async\" width=\"1129\" height=\"1505\" src=\"http:\/\/prima.sysrq.info\/wp-content\/uploads\/2019\/05\/20190318_185831-1129x1505.jpg\" alt=\"\" class=\"wp-image-5294\" srcset=\"https:\/\/prima.sysrq.info\/wp-content\/uploads\/2019\/05\/20190318_185831-1129x1505.jpg 1129w, https:\/\/prima.sysrq.info\/wp-content\/uploads\/2019\/05\/20190318_185831-113x150.jpg 113w, https:\/\/prima.sysrq.info\/wp-content\/uploads\/2019\/05\/20190318_185831-225x300.jpg 225w, https:\/\/prima.sysrq.info\/wp-content\/uploads\/2019\/05\/20190318_185831-768x1024.jpg 768w, https:\/\/prima.sysrq.info\/wp-content\/uploads\/2019\/05\/20190318_185831.jpg 1440w\" sizes=\"auto, (max-width: 1129px) 100vw, 1129px\" \/><\/figure>\n\n\n\n<p>Man kan ogs\u00e5 bare kle p\u00e5 seg rustningen, og skride til krig..<\/p>\n\n\n\n<figure class=\"wp-block-image\"><img loading=\"lazy\" decoding=\"async\" width=\"847\" height=\"1505\" src=\"http:\/\/prima.sysrq.info\/wp-content\/uploads\/2019\/05\/20190228_141350-847x1505.jpg\" alt=\"\" class=\"wp-image-5300\" srcset=\"https:\/\/prima.sysrq.info\/wp-content\/uploads\/2019\/05\/20190228_141350-847x1505.jpg 847w, https:\/\/prima.sysrq.info\/wp-content\/uploads\/2019\/05\/20190228_141350-84x150.jpg 84w, https:\/\/prima.sysrq.info\/wp-content\/uploads\/2019\/05\/20190228_141350-169x300.jpg 169w, https:\/\/prima.sysrq.info\/wp-content\/uploads\/2019\/05\/20190228_141350-768x1365.jpg 768w, https:\/\/prima.sysrq.info\/wp-content\/uploads\/2019\/05\/20190228_141350.jpg 1080w\" sizes=\"auto, (max-width: 847px) 100vw, 847px\" \/><\/figure>\n\n\n\n<p>Hunder er ekstremt flinke til \u00e5 leve i nuet, eller kanskje de bare ikke kan annet. Det er nok en lur innstilling til livet.<\/p>\n\n\n\n<figure class=\"wp-block-image\"><img loading=\"lazy\" decoding=\"async\" width=\"1501\" height=\"844\" src=\"http:\/\/prima.sysrq.info\/wp-content\/uploads\/2019\/05\/20190215_130727-1501x844.jpg\" alt=\"\" class=\"wp-image-5299\" srcset=\"https:\/\/prima.sysrq.info\/wp-content\/uploads\/2019\/05\/20190215_130727-1501x844.jpg 1501w, https:\/\/prima.sysrq.info\/wp-content\/uploads\/2019\/05\/20190215_130727-150x84.jpg 150w, https:\/\/prima.sysrq.info\/wp-content\/uploads\/2019\/05\/20190215_130727-300x169.jpg 300w, https:\/\/prima.sysrq.info\/wp-content\/uploads\/2019\/05\/20190215_130727-768x432.jpg 768w, https:\/\/prima.sysrq.info\/wp-content\/uploads\/2019\/05\/20190215_130727.jpg 1920w\" sizes=\"auto, (max-width: 1501px) 100vw, 1501px\" \/><\/figure>\n\n\n\n<figure class=\"wp-block-image\"><img loading=\"lazy\" decoding=\"async\" width=\"1501\" height=\"1001\" src=\"http:\/\/prima.sysrq.info\/wp-content\/uploads\/2019\/05\/IMG_2500-1501x1001.jpg\" alt=\"\" class=\"wp-image-5304\" srcset=\"https:\/\/prima.sysrq.info\/wp-content\/uploads\/2019\/05\/IMG_2500-1501x1001.jpg 1501w, https:\/\/prima.sysrq.info\/wp-content\/uploads\/2019\/05\/IMG_2500-150x100.jpg 150w, https:\/\/prima.sysrq.info\/wp-content\/uploads\/2019\/05\/IMG_2500-300x200.jpg 300w, https:\/\/prima.sysrq.info\/wp-content\/uploads\/2019\/05\/IMG_2500-768x512.jpg 768w, https:\/\/prima.sysrq.info\/wp-content\/uploads\/2019\/05\/IMG_2500.jpg 1920w\" sizes=\"auto, (max-width: 1501px) 100vw, 1501px\" \/><\/figure>\n\n\n\n<p>Jeg burde kanskje l\u00e6re mer av Prima, bare leve her og nu. V\u00e6re forn\u00f8yd med det jeg har, og bare leke meg igjennom livet. <\/p>\n\n\n\n<p>Over og ut!<br><\/p>\n","protected":false},"excerpt":{"rendered":"<p>Jeg \u00f8nske at jeg ferdes igjennom livet som en svane, en vakker svane. Som bare glir gjennom vannet, med rene hvite fj\u00e6r og hodet h\u00f8yt hevet Sannheten er at jeg f\u00f8ler meg mer som en skadeskutt and, som plasker som faen for \u00e5 holde meg flytende. Men vi har det vel alle s\u00e5nn av og &hellip; <a href=\"https:\/\/prima.sysrq.info\/index.php\/2019\/05\/12\/som-en-svane\/\" class=\"more-link\">Fortsett \u00e5 lese <span class=\"screen-reader-text\">Som en svane<\/span> <span class=\"meta-nav\">&rarr;<\/span><\/a><\/p>\n","protected":false},"author":2,"featured_media":0,"comment_status":"open","ping_status":"open","sticky":false,"template":"","format":"standard","meta":{"footnotes":""},"categories":[1],"tags":[],"class_list":["post-5307","post","type-post","status-publish","format-standard","hentry","category-uncategorized"],"_links":{"self":[{"href":"https:\/\/prima.sysrq.info\/index.php\/wp-json\/wp\/v2\/posts\/5307","targetHints":{"allow":["GET"]}}],"collection":[{"href":"https:\/\/prima.sysrq.info\/index.php\/wp-json\/wp\/v2\/posts"}],"about":[{"href":"https:\/\/prima.sysrq.info\/index.php\/wp-json\/wp\/v2\/types\/post"}],"author":[{"embeddable":true,"href":"https:\/\/prima.sysrq.info\/index.php\/wp-json\/wp\/v2\/users\/2"}],"replies":[{"embeddable":true,"href":"https:\/\/prima.sysrq.info\/index.php\/wp-json\/wp\/v2\/comments?post=5307"}],"version-history":[{"count":1,"href":"https:\/\/prima.sysrq.info\/index.php\/wp-json\/wp\/v2\/posts\/5307\/revisions"}],"predecessor-version":[{"id":5308,"href":"https:\/\/prima.sysrq.info\/index.php\/wp-json\/wp\/v2\/posts\/5307\/revisions\/5308"}],"wp:attachment":[{"href":"https:\/\/prima.sysrq.info\/index.php\/wp-json\/wp\/v2\/media?parent=5307"}],"wp:term":[{"taxonomy":"category","embeddable":true,"href":"https:\/\/prima.sysrq.info\/index.php\/wp-json\/wp\/v2\/categories?post=5307"},{"taxonomy":"post_tag","embeddable":true,"href":"https:\/\/prima.sysrq.info\/index.php\/wp-json\/wp\/v2\/tags?post=5307"}],"curies":[{"name":"wp","href":"https:\/\/api.w.org\/{rel}","templated":true}]}}