{"id":5759,"date":"2019-08-15T15:43:02","date_gmt":"2019-08-15T13:43:02","guid":{"rendered":"http:\/\/prima.sysrq.info\/?p=5759"},"modified":"2019-08-15T17:51:14","modified_gmt":"2019-08-15T15:51:14","slug":"mitt-nm-pa-valer-2019","status":"publish","type":"post","link":"https:\/\/prima.sysrq.info\/index.php\/2019\/08\/15\/mitt-nm-pa-valer-2019\/","title":{"rendered":"Mitt Nm p\u00e5 V\u00e5ler 2019"},"content":{"rendered":"\n<p>Her er mine opplevelser av NM, og hvordan jeg opplevde det hele p\u00e5 n\u00e6rt hold:)<\/p>\n\n\n\n<p>Vi reiste p\u00e5 torsdag, og etter en lang dag overnattet vi p\u00e5 Sanngrund Camping, grei liten camping- veldig lite luftemuligheter- men fine hytter. Vi tok frokostbuffe der, og det var nydelig. S\u00e5 kj\u00f8rte vi videre, noen m\u00e5tte innom vinmonopoler, og andre m\u00e5tte andre steder. <\/p>\n\n\n\n<p>Vi kom frem, og siden vi var sent fremme for min del, og min m\u00e5te \u00e5 gj\u00f8re meg klar p\u00e5- s\u00e5 gikk jeg rett i konkurransemodus. F\u00f8rst m\u00e5tte jeg f\u00e5 litt futt ut av beina p\u00e5 fr\u00f8kna, s\u00e5 det ble 9 km i det fantastiske naturen rundt Haslemoen. <\/p>\n\n\n\n<figure class=\"wp-block-image\"><img loading=\"lazy\" decoding=\"async\" width=\"1129\" height=\"1505\" src=\"http:\/\/prima.sysrq.info\/wp-content\/uploads\/2019\/08\/20190809_140044-1129x1505.jpg\" alt=\"\" class=\"wp-image-5693\" srcset=\"https:\/\/prima.sysrq.info\/wp-content\/uploads\/2019\/08\/20190809_140044-1129x1505.jpg 1129w, https:\/\/prima.sysrq.info\/wp-content\/uploads\/2019\/08\/20190809_140044-113x150.jpg 113w, https:\/\/prima.sysrq.info\/wp-content\/uploads\/2019\/08\/20190809_140044-225x300.jpg 225w, https:\/\/prima.sysrq.info\/wp-content\/uploads\/2019\/08\/20190809_140044-768x1024.jpg 768w, https:\/\/prima.sysrq.info\/wp-content\/uploads\/2019\/08\/20190809_140044.jpg 1440w\" sizes=\"auto, (max-width: 1129px) 100vw, 1129px\" \/><\/figure>\n\n\n\n<p>Fikk s\u00e5 vidt ordnet litt p\u00e5 rommet f\u00f8r jeg gikk i teltet, s\u00e5 p\u00e5 runden som var begynt, tok litt bilder. Var i tredje briefing, s\u00e5 jeg varmet opp litt til, briefet og gikk s\u00e5 rundt med Prima mest mulig. Varmet opp, og \u00f8vde p\u00e5 noen \u00f8velser, fikk hun p\u00e5. Banen virket ok, og jeg hadde lite forh\u00e5pninger. Etter \u00e5 ikke ha v\u00e6rt p\u00e5 en skikkelig konkurranse p\u00e5 nesten \u00e5r, og med 6 mnds sykdom hadde jeg ikke mye troa p\u00e5 dette. Men tok det som en erfaring, og l\u00e6ring til neste gang. Og jeg hadde i bakhodet at dette kanskje var det siste store vi gjorde sammen. <\/p>\n\n\n\n<p>Banen gikk veldig greit, jeg f\u00f8lte vi var p\u00e5 nett og at vi hadde kontrollert lykke. Det var ingen store feller, og ingen vanskelige ting i banen- s\u00e5 gikk ut- og haddet det helt greit. Bel\u00f8nnet godt, og gikk henne ned. La henne etterhvert i buret, og s\u00e5 videre p\u00e5 resten av konkurransen. Det var mye bra der. <\/p>\n\n\n\n<figure class=\"wp-block-embed-youtube wp-block-embed is-type-video is-provider-youtube wp-embed-aspect-16-9 wp-has-aspect-ratio\"><div class=\"wp-block-embed__wrapper\">\n<iframe loading=\"lazy\" title=\"Evy &amp; Prima   Fredag\" width=\"474\" height=\"267\" src=\"https:\/\/www.youtube.com\/embed\/VqXlx_ehp_A?feature=oembed\" frameborder=\"0\" allow=\"accelerometer; autoplay; clipboard-write; encrypted-media; gyroscope; picture-in-picture; web-share\" referrerpolicy=\"strict-origin-when-cross-origin\" allowfullscreen><\/iframe>\n<\/div><figcaption>Takk til V.H for filming<\/figcaption><\/figure>\n\n\n\n<p>Det tok lang tid f\u00f8r alle var ferdige, og det tok lang tid f\u00f8r det var premieutdeling- men s\u00e5nn er det jo bare. Jeg kjente jeg var sliten allerede, men det var jo grillaften etterp\u00e5&#8230; <\/p>\n\n\n\n<p>Premieutdelingen kom igang, og det var veldig mye bra- og mange som ble veldig glade for cert og championat- veldig koselig \u00e5 se. <\/p>\n\n\n\n<p>S\u00e5 var det Eliteklassen som var p\u00e5 ca 63 stk, og det varte og rakk f\u00f8r jeg h\u00f8rte mitt navn- noe som var uventet. Men det ble en 5pl med 200 poeng- pga tid kom jeg ikke p\u00e5 pallen. Men det er s\u00e5nn jeg g\u00e5r banen, er ikke noe \u00e5 gj\u00f8re noe med.<\/p>\n\n\n\n<figure class=\"wp-block-image\"><img loading=\"lazy\" decoding=\"async\" width=\"1129\" height=\"1505\" src=\"http:\/\/prima.sysrq.info\/wp-content\/uploads\/2019\/08\/20190809_213622-1129x1505.jpg\" alt=\"\" class=\"wp-image-5705\" srcset=\"https:\/\/prima.sysrq.info\/wp-content\/uploads\/2019\/08\/20190809_213622-1129x1505.jpg 1129w, https:\/\/prima.sysrq.info\/wp-content\/uploads\/2019\/08\/20190809_213622-113x150.jpg 113w, https:\/\/prima.sysrq.info\/wp-content\/uploads\/2019\/08\/20190809_213622-225x300.jpg 225w, https:\/\/prima.sysrq.info\/wp-content\/uploads\/2019\/08\/20190809_213622-768x1024.jpg 768w, https:\/\/prima.sysrq.info\/wp-content\/uploads\/2019\/08\/20190809_213622.jpg 1440w\" sizes=\"auto, (max-width: 1129px) 100vw, 1129px\" \/><\/figure>\n\n\n\n<p>Det var en koselig start p\u00e5 helga:)<\/p>\n\n\n\n<p>Grillaften var koselig, og fikk pratet med forskjellige folk- det er sosialt og koselig.  Fikk en koselig kveldstur sammen med en annen. Jeg tok natten tidlig, jeg var sliten. Var ikke s\u00e5 lett \u00e5 f\u00e5 sove, det var mye lyder, og flere hunder som hadde mye \u00e5 si..<\/p>\n\n\n\n<p>Men noen f\u00e5 timer ble det. S\u00e5 tidlig opp neste morgen for \u00e5 f\u00e5 g\u00e5tt en god tur med Prima, jeg skulle tidligere i ringen- og trengte tr\u00f8tt hund.<\/p>\n\n\n\n<p>Fremdeles fantastisk natur rundt, og jeg koste meg p\u00e5 tur.<\/p>\n\n\n\n<figure class=\"wp-block-image\"><img loading=\"lazy\" decoding=\"async\" width=\"1129\" height=\"1505\" src=\"http:\/\/prima.sysrq.info\/wp-content\/uploads\/2019\/08\/20190810_071111-1129x1505.jpg\" alt=\"\" class=\"wp-image-5694\" srcset=\"https:\/\/prima.sysrq.info\/wp-content\/uploads\/2019\/08\/20190810_071111-1129x1505.jpg 1129w, https:\/\/prima.sysrq.info\/wp-content\/uploads\/2019\/08\/20190810_071111-113x150.jpg 113w, https:\/\/prima.sysrq.info\/wp-content\/uploads\/2019\/08\/20190810_071111-225x300.jpg 225w, https:\/\/prima.sysrq.info\/wp-content\/uploads\/2019\/08\/20190810_071111-768x1024.jpg 768w, https:\/\/prima.sysrq.info\/wp-content\/uploads\/2019\/08\/20190810_071111.jpg 1440w\" sizes=\"auto, (max-width: 1129px) 100vw, 1129px\" \/><\/figure>\n\n\n\n<p>F\u00f8lte hverken at jeg eller Prima var slitne etter turen, selv om det ble 11 km. <\/p>\n\n\n\n<p>Det var frokost i messa, og det var koselig med frokost sammen med andre. <\/p>\n\n\n\n<p>S\u00e5 begynte alvoret- det var tydelig allerede ved f\u00f8rste briefint(jeg var i andre) at dette var en langt vanskeligere bane enn ig\u00e5r. <\/p>\n\n\n\n<figure class=\"wp-block-image\"><img loading=\"lazy\" decoding=\"async\" width=\"1129\" height=\"1505\" src=\"http:\/\/prima.sysrq.info\/wp-content\/uploads\/2019\/08\/20190810_083748-1129x1505.jpg\" alt=\"\" class=\"wp-image-5695\" srcset=\"https:\/\/prima.sysrq.info\/wp-content\/uploads\/2019\/08\/20190810_083748-1129x1505.jpg 1129w, https:\/\/prima.sysrq.info\/wp-content\/uploads\/2019\/08\/20190810_083748-113x150.jpg 113w, https:\/\/prima.sysrq.info\/wp-content\/uploads\/2019\/08\/20190810_083748-225x300.jpg 225w, https:\/\/prima.sysrq.info\/wp-content\/uploads\/2019\/08\/20190810_083748-768x1024.jpg 768w, https:\/\/prima.sysrq.info\/wp-content\/uploads\/2019\/08\/20190810_083748.jpg 1440w\" sizes=\"auto, (max-width: 1129px) 100vw, 1129px\" \/><\/figure>\n\n\n\n<p>Jeg tok henne ut rett etter briefing, og bare gikk rundt. S\u00e5 varmet jeg opp, og det f\u00f8ltes greit ut, men vi var ikke helt p\u00e5 nett. Synes oppvarmingen ble vanskelig, og jeg klarte ikke \u00e5 hente  meg inn igjen. Banen gikk r\u00e6va ganske kjapt, og jeg mista fokus fullstendig- og f\u00f8lte at vi ikke var p\u00e5 nett. Jeg gjorde teite feil, og mista kontrollen- et elendig l\u00f8p. Det viste seg jo p\u00e5 kritikken etterp\u00e5. <\/p>\n\n\n\n<figure class=\"wp-block-embed-youtube wp-block-embed is-type-video is-provider-youtube wp-embed-aspect-16-9 wp-has-aspect-ratio\"><div class=\"wp-block-embed__wrapper\">\n<iframe loading=\"lazy\" title=\"Evy &amp; Prima   L\u00f8rdag Kvalik\" width=\"474\" height=\"267\" src=\"https:\/\/www.youtube.com\/embed\/YqZgI0xHuso?feature=oembed\" frameborder=\"0\" allow=\"accelerometer; autoplay; clipboard-write; encrypted-media; gyroscope; picture-in-picture; web-share\" referrerpolicy=\"strict-origin-when-cross-origin\" allowfullscreen><\/iframe>\n<\/div><figcaption>Takk til V.H for filming<\/figcaption><\/figure>\n\n\n\n<p>Jeg bel\u00f8nnet bra, la ho i buret, men etter en stund gikk jeg og la meg. Jeg var ikke  god form, og det viste seg at Prima slet med magen- s\u00e5 vi var ikke helt p\u00e5 laget noen av oss. Jeg regnet med disk i dette elendige l\u00f8pet- men det endte med en 31.plass- og gul sl\u00f8yfe. Og det viste seg etterp\u00e5 at jeg var veldig n\u00e6rme en plass i finalen. Men jeg var glad til at jeg ikke fikk plass. Jeg var skikkelig sliten, Prima var i ulage- og jeg var ikke mentalt med. Dette var det jeg var redd for, og noe jeg m\u00e5 jobbe med videre. Jeg fungerer ikke s\u00e5 godt over lang tid med mye press. <\/p>\n\n\n\n<p>P\u00e5 kvelden var det koselig middag, og lattermildt lotteri- ikke hadde jeg vinnerflaks heller:&#8230;<\/p>\n\n\n\n<p>Gikk en fin kveldstur, og gikk tidlig til sengs. Natten ble litt bedre, det tar vel ofte litt tid f\u00f8r jeg roer meg p\u00e5 nye steder. Prima var utrolig grei og enkel \u00e5 ha med- DEILIG!!<\/p>\n\n\n\n<p>P\u00e5 finaledagen ble det kun en liten tur f\u00f8r vi spiste frokost- vi sov litt mer- begge to var slitne. <\/p>\n\n\n\n<p>Kjente at jeg var utrolig glad for at jeg ikke skulle g\u00e5, var slitsomt nok bare \u00e5 ta bilder \u00e5 holde seg v\u00e5ken:) Men var utrolig g\u00f8y \u00e5 se s\u00e5 mange flinke folk og hunder- imponerende. Og for et v\u00e6r det tidevis var- stakkars de som virkelig fikk kjenne p\u00e5 v\u00e6ret- det var heftig. <\/p>\n\n\n\n<p>Var herlig \u00e5 se premieutdelingen og r\u00f8rende \u00e5 se p\u00e5 de som klarte m\u00e5lene sine:)<\/p>\n\n\n\n<p>Veien hjem var laaaaaaang&#8230;. og ikke fikk man sove n\u00e5r man kom hjem heller&#8230; s\u00e5 da var det gulvvask, t\u00f8yvask og utpakking av utstyret. <\/p>\n\n\n\n<p>Prima fikk en tur klokka halv fem p\u00e5 morran, s\u00e5 endelig fikk vi sove. <\/p>\n\n\n\n<p>N\u00e5 fire dager etter helga, s\u00e5 har jeg sovet ca 15-20 timer i d\u00f8gnet, f\u00e5tt feber og kroppen har sl\u00e5tt seg vrang. Prima er bedre i magen, men er sliten hun ogs\u00e5. <\/p>\n\n\n\n<p>S\u00e5 neste gang det blir et NM m\u00e5 vi gj\u00f8re noen forandringer, dette var ikke godt nok:)<\/p>\n\n\n\n<p>Men for en opplevelse!!<\/p>\n\n\n\n<p><\/p>\n","protected":false},"excerpt":{"rendered":"<p>Her er mine opplevelser av NM, og hvordan jeg opplevde det hele p\u00e5 n\u00e6rt hold:) Vi reiste p\u00e5 torsdag, og etter en lang dag overnattet vi p\u00e5 Sanngrund Camping, grei liten camping- veldig lite luftemuligheter- men fine hytter. Vi tok frokostbuffe der, og det var nydelig. S\u00e5 kj\u00f8rte vi videre, noen m\u00e5tte innom vinmonopoler, og &hellip; <a href=\"https:\/\/prima.sysrq.info\/index.php\/2019\/08\/15\/mitt-nm-pa-valer-2019\/\" class=\"more-link\">Fortsett \u00e5 lese <span class=\"screen-reader-text\">Mitt Nm p\u00e5 V\u00e5ler 2019<\/span> <span class=\"meta-nav\">&rarr;<\/span><\/a><\/p>\n","protected":false},"author":2,"featured_media":0,"comment_status":"open","ping_status":"open","sticky":false,"template":"","format":"standard","meta":{"footnotes":""},"categories":[1],"tags":[66,87,326,157,163],"class_list":["post-5759","post","type-post","status-publish","format-standard","hentry","category-uncategorized","tag-golden-retriever","tag-jaktgolden","tag-nm","tag-prima","tag-rallylydighet"],"_links":{"self":[{"href":"https:\/\/prima.sysrq.info\/index.php\/wp-json\/wp\/v2\/posts\/5759","targetHints":{"allow":["GET"]}}],"collection":[{"href":"https:\/\/prima.sysrq.info\/index.php\/wp-json\/wp\/v2\/posts"}],"about":[{"href":"https:\/\/prima.sysrq.info\/index.php\/wp-json\/wp\/v2\/types\/post"}],"author":[{"embeddable":true,"href":"https:\/\/prima.sysrq.info\/index.php\/wp-json\/wp\/v2\/users\/2"}],"replies":[{"embeddable":true,"href":"https:\/\/prima.sysrq.info\/index.php\/wp-json\/wp\/v2\/comments?post=5759"}],"version-history":[{"count":2,"href":"https:\/\/prima.sysrq.info\/index.php\/wp-json\/wp\/v2\/posts\/5759\/revisions"}],"predecessor-version":[{"id":5762,"href":"https:\/\/prima.sysrq.info\/index.php\/wp-json\/wp\/v2\/posts\/5759\/revisions\/5762"}],"wp:attachment":[{"href":"https:\/\/prima.sysrq.info\/index.php\/wp-json\/wp\/v2\/media?parent=5759"}],"wp:term":[{"taxonomy":"category","embeddable":true,"href":"https:\/\/prima.sysrq.info\/index.php\/wp-json\/wp\/v2\/categories?post=5759"},{"taxonomy":"post_tag","embeddable":true,"href":"https:\/\/prima.sysrq.info\/index.php\/wp-json\/wp\/v2\/tags?post=5759"}],"curies":[{"name":"wp","href":"https:\/\/api.w.org\/{rel}","templated":true}]}}