{"id":5770,"date":"2019-08-26T23:00:54","date_gmt":"2019-08-26T21:00:54","guid":{"rendered":"http:\/\/prima.sysrq.info\/?p=5770"},"modified":"2019-08-26T23:00:56","modified_gmt":"2019-08-26T21:00:56","slug":"stevnehelg","status":"publish","type":"post","link":"https:\/\/prima.sysrq.info\/index.php\/2019\/08\/26\/stevnehelg\/","title":{"rendered":"Stevnehelg"},"content":{"rendered":"\n<figure class=\"wp-block-image\"><img loading=\"lazy\" decoding=\"async\" width=\"548\" height=\"334\" src=\"http:\/\/prima.sysrq.info\/wp-content\/uploads\/2019\/08\/02-quotes-graduation-worry-bombeck.jpg\" alt=\"\" class=\"wp-image-5551\" srcset=\"https:\/\/prima.sysrq.info\/wp-content\/uploads\/2019\/08\/02-quotes-graduation-worry-bombeck.jpg 548w, https:\/\/prima.sysrq.info\/wp-content\/uploads\/2019\/08\/02-quotes-graduation-worry-bombeck-150x91.jpg 150w, https:\/\/prima.sysrq.info\/wp-content\/uploads\/2019\/08\/02-quotes-graduation-worry-bombeck-300x183.jpg 300w\" sizes=\"auto, (max-width: 548px) 100vw, 548px\" \/><\/figure>\n\n\n\n<p class=\"has-background has-large-font-size has-light-gray-background-color\">Vi har just kommet oss over NMhelga, og s\u00e5 var det p\u00e5 an igjen. Vi er gale. Men den som intet v\u00e5ger, intet vinner. <\/p>\n\n\n\n<p>Vi har den siste tiden jobbet hardt for \u00e5 f\u00e5 noe av LP til \u00e5 sitte, men det var vel egentlig f\u00e5nyttes. Alt for liten tid og jeg turde ikke dra det for langt. Prima er n\u00e5 ikke p\u00e5 smertestillende, og virker veldig bra. Men jeg t\u00f8r liksom ikke teste for fullt enda. S\u00e5 jeg har ikke trent veldig effektivt eller s\u00e6rlig bra. S\u00e5 vi dro p\u00e5 stevne, og regnet med \u00e5 ta det som trening. Bare det er jo en b\u00f8yg for meg, jeg vil jo helst ikke melde meg p\u00e5 hvis det bare er for \u00e5 trene- det er tullete. Men s\u00e5nn ble det denne gangen, det blir ikke flere. Ingen god opplevelse for \u00e5 si det s\u00e5nn. <\/p>\n\n\n\n<p>Men vi kom igjennom, fikk tilogmed poeng i \u00f8velser jeg trodde vi ikke kom til \u00e5 klare- og s\u00e5 tullet vi p\u00e5 andre. Jeg likte dommeren, og det var god stemning-og Prima var p\u00e5. Prima storkoste seg, og synes alt var g\u00f8y- det er jo bra. Men var pinlig \u00e5 st\u00e5 p\u00e5 pallen med en s\u00e5 lav poengsum- og enda flauere \u00e5 bli Agdermester. Men s\u00e5nn ble det. S\u00e5 n\u00e5 vet jeg at jeg ikke skal konkurrere mer i \u00e5r. Vi m\u00e5 ta en skikkelig treningh\u00f8st. <\/p>\n\n\n\n<figure class=\"wp-block-image\"><img decoding=\"async\" src=\"https:\/\/scontent.fosl3-1.fna.fbcdn.net\/v\/t1.0-9\/69050269_2534814226608223_6730752101212749824_n.jpg?_nc_cat=1&amp;_nc_oc=AQlbnpFSaYklY6_6NcruNPwyqIqPLEjE6ySfCWb7cRbrMwsWumrR8NfDu3md8j3SEUs&amp;_nc_ht=scontent.fosl3-1.fna&amp;oh=b318ceb8cc0fbccad32958def32b92dc&amp;oe=5E11C383\" alt=\"Ingen bildebeskrivelse er tilgjengelig.\"\/><\/figure>\n\n\n\n<p>Dagen derp\u00e5 med litt &laquo;fylleangst&raquo; var det duket for RL. <\/p>\n\n\n\n<p>Det gikk hurtig og smidig, det var to ringer, og det er veldig greit. Men en f\u00e5r jo ikke fulgt med p\u00e5 alle. Det er jo litt dumt- er jo stas \u00e5 pr\u00f8ve \u00e5 se kjente og treningskamerater. Ble veldig koselig og sosialt, og det var nok \u00e5 gj\u00f8re siden vi arrangerte stevne. Men virket som folk koste seg. <\/p>\n\n\n\n<p>Prima var prima, men det hang ikke helt sammen for oss, og det ble en fjerdeplass, vi klarer ikke pallen i Elite- s\u00f8ren au. <\/p>\n\n\n\n<p>Men treningskamerater, venner og kjente fikk veldig gode plasseringer og det er s\u00e5 herlig stas. Det er ogs\u00e5 koselig med RL milj\u00f8et- vi er flinke til \u00e5 v\u00e6re glade p\u00e5 hverandres vegne. <\/p>\n\n\n\n<p>Tror folk koste seg, var varmt og sol. Sommeren kom jo plutslig tilbake. <\/p>\n\n\n\n<p>Oppvarmingen funket ikke p\u00e5 s\u00f8ndagen, men var noe bedre p\u00e5 l\u00f8rdagen. Det var  1 times tur p\u00e5 morran, s\u00e5 kj\u00f8rte jeg 4-6 felt med henne, s\u00e5 gikk jeg bare rundt med henne og varmet opp. Funket bra p\u00e5 l\u00f8rdag, ikke p\u00e5 s\u00f8ndag- da var ho heit. <\/p>\n\n\n\n<p>Ogs\u00e5 denne helgen har det v\u00e6rt d\u00e5rlig mage, og jeg ser at jeg m\u00e5 ta det opp med  dyrlegen- vi kan ikke ha det slik hver stevnehelg.<\/p>\n\n\n\n<p>Men fremover n\u00e5 blir det roligere, masse turer, nyte h\u00f8sten og trene til neste \u00e5r. Forh\u00e5pentlig holder hun seg frisk- krysser alt jeg har.<\/p>\n\n\n\n<p>Vi har time imorgen- s\u00e5 f\u00e5r vi se om det er godt nok. <\/p>\n\n\n\n<p>N\u00e5 vet vi litt om hvor vi st\u00e5r- vi er ikke gode nok til \u00e5 v\u00e6re i toppen- det m\u00e5 jobbes med!<\/p>\n","protected":false},"excerpt":{"rendered":"<p>Vi har just kommet oss over NMhelga, og s\u00e5 var det p\u00e5 an igjen. Vi er gale. Men den som intet v\u00e5ger, intet vinner. Vi har den siste tiden jobbet hardt for \u00e5 f\u00e5 noe av LP til \u00e5 sitte, men det var vel egentlig f\u00e5nyttes. Alt for liten tid og jeg turde ikke dra &hellip; <a href=\"https:\/\/prima.sysrq.info\/index.php\/2019\/08\/26\/stevnehelg\/\" class=\"more-link\">Fortsett \u00e5 lese <span class=\"screen-reader-text\">Stevnehelg<\/span> <span class=\"meta-nav\">&rarr;<\/span><\/a><\/p>\n","protected":false},"author":2,"featured_media":0,"comment_status":"open","ping_status":"open","sticky":false,"template":"","format":"standard","meta":{"footnotes":""},"categories":[1],"tags":[366,304,22,66,87,101,126,157,163,198],"class_list":["post-5770","post","type-post","status-publish","format-standard","hentry","category-uncategorized","tag-agdermester","tag-apportdirigering","tag-bilder","tag-golden-retriever","tag-jaktgolden","tag-kl-3","tag-lydighet","tag-prima","tag-rallylydighet","tag-stevner"],"_links":{"self":[{"href":"https:\/\/prima.sysrq.info\/index.php\/wp-json\/wp\/v2\/posts\/5770","targetHints":{"allow":["GET"]}}],"collection":[{"href":"https:\/\/prima.sysrq.info\/index.php\/wp-json\/wp\/v2\/posts"}],"about":[{"href":"https:\/\/prima.sysrq.info\/index.php\/wp-json\/wp\/v2\/types\/post"}],"author":[{"embeddable":true,"href":"https:\/\/prima.sysrq.info\/index.php\/wp-json\/wp\/v2\/users\/2"}],"replies":[{"embeddable":true,"href":"https:\/\/prima.sysrq.info\/index.php\/wp-json\/wp\/v2\/comments?post=5770"}],"version-history":[{"count":1,"href":"https:\/\/prima.sysrq.info\/index.php\/wp-json\/wp\/v2\/posts\/5770\/revisions"}],"predecessor-version":[{"id":5771,"href":"https:\/\/prima.sysrq.info\/index.php\/wp-json\/wp\/v2\/posts\/5770\/revisions\/5771"}],"wp:attachment":[{"href":"https:\/\/prima.sysrq.info\/index.php\/wp-json\/wp\/v2\/media?parent=5770"}],"wp:term":[{"taxonomy":"category","embeddable":true,"href":"https:\/\/prima.sysrq.info\/index.php\/wp-json\/wp\/v2\/categories?post=5770"},{"taxonomy":"post_tag","embeddable":true,"href":"https:\/\/prima.sysrq.info\/index.php\/wp-json\/wp\/v2\/tags?post=5770"}],"curies":[{"name":"wp","href":"https:\/\/api.w.org\/{rel}","templated":true}]}}