{"id":5786,"date":"2019-09-01T10:27:39","date_gmt":"2019-09-01T08:27:39","guid":{"rendered":"http:\/\/prima.sysrq.info\/?p=5786"},"modified":"2019-09-01T10:27:41","modified_gmt":"2019-09-01T08:27:41","slug":"ekspedisjonen-forsetter-2","status":"publish","type":"post","link":"https:\/\/prima.sysrq.info\/index.php\/2019\/09\/01\/ekspedisjonen-forsetter-2\/","title":{"rendered":"Ekspedisjonen forsetter"},"content":{"rendered":"\n<p class=\"has-medium-font-size\"><strong>N\u00e5 er vi kommet til september, og vi har den st\u00f8rste utfordringen bak oss. Hvordan ville hun klare seg uten smertestillende, og samtidig konkurrere? <\/strong><\/p>\n\n\n\n<p class=\"has-medium-font-size\"><em>Jeg kjente at jeg synes det var skummelt \u00e5 ta ho av smertestillende, det var blitt en fin krykke. Men samtidig har jeg jo v\u00e6rt veldig kritisk til at hun skal g\u00e5 p\u00e5 smertestillende resten av livet. Men det var med litt skrekk jeg fjernet smertestillende. Grunnen var at det var planlagt, og fordi vi skulle konkurrere. Men vi stoppet gradvis p\u00e5 smertestillende, og hver dag gikk jeg og s\u00e5 etter tegn. Men fant ingen. Bikkja fungerte fint uten smertestillende:)<\/em><\/p>\n\n\n\n<figure class=\"wp-block-image\"><img loading=\"lazy\" decoding=\"async\" width=\"725\" height=\"967\" src=\"https:\/\/prima.sysrq.info\/wp-content\/uploads\/2019\/08\/20190824_100258.jpg\" alt=\"\" class=\"wp-image-5778\" srcset=\"https:\/\/prima.sysrq.info\/wp-content\/uploads\/2019\/08\/20190824_100258.jpg 725w, https:\/\/prima.sysrq.info\/wp-content\/uploads\/2019\/08\/20190824_100258-112x150.jpg 112w, https:\/\/prima.sysrq.info\/wp-content\/uploads\/2019\/08\/20190824_100258-225x300.jpg 225w\" sizes=\"auto, (max-width: 725px) 100vw, 725px\" \/><\/figure>\n\n\n\n<p>Og selv med konkurranse, mer trening og et aktivt liv- s\u00e5 har det g\u00e5tt veldig greit. Jeg er veldig obs p\u00e5 at hun skal ha mye fysisk aktivitet, og har g\u00e5tt ned p\u00e5 treningen- det har jo vist seg i konkurranse. Men veier en det opp er det viktigere med en god hverdag. <\/p>\n\n\n\n\n\n<figure class=\"wp-block-image\"><img decoding=\"async\" src=\"https:\/\/scontent.fosl3-2.fna.fbcdn.net\/v\/t1.0-9\/68575004_10162156516015174_4881792517353242624_n.jpg?_nc_cat=104&amp;_nc_oc=AQkNcXZfSE5DsNnfoQMvAxN4ZAtE3ifkJl0AVxQ-mGNi_8eKQvej_Az5p9XzaJSJFfs&amp;_nc_ht=scontent.fosl3-2.fna&amp;oh=e5e9651c599def0d4dc7849587bc9bf3&amp;oe=5E0B2141\" alt=\"Bildet kan inneholde: hund, utend\u00f8rs og natur\"\/><\/figure>\n\n\n\n<p>Etter de to stevnehelgene vi har hatt n\u00e5, s\u00e5 har vi ogs\u00e5 hatt bes\u00f8k av en utdannet mass\u00f8r m.m til Prima. Ho har v\u00e6rt hos oss jevnlig- utrolig greit at de kan komme hjem til en. Og har fulgt oss en god stund, i oppturer og nedturer. De gode nyhetene er at: muskelmessig s\u00e5 er ho veldig lik p\u00e5 begge sider, ho har bygd mer muskler- ho har slanket seg( har litt igjen). Ho virket veldig fin i kroppen- litt sm\u00e5rusk men det har hunder som blir brukt. Det gir h\u00e5p til videre bruk av Prima.<\/p>\n\n\n\n<p>S\u00e5 h\u00f8sten skal brukes til bedre kropp, mer muskler og mer gjennomtrent hund- det gjelder visst litt for matmor ogs\u00e5 det der&#8230;<\/p>\n\n\n\n<p>I bursdagsgave har jeg f\u00e5tt noe jeg har \u00f8nsket meg veldig,nemlig en Xdog vest. <\/p>\n\n\n\n<figure class=\"wp-block-image\"><img decoding=\"async\" src=\"https:\/\/scontent.fosl3-2.fna.fbcdn.net\/v\/t1.0-9\/67752645_679818075776923_6961388404739145728_n.jpg?_nc_cat=106&amp;_nc_oc=AQkwEcUnN426dnVf98FO5D4BvXvjT5AazFmqkseruazxwAIEu9Khc7eUyjpKVNanT7U&amp;_nc_ht=scontent.fosl3-2.fna&amp;oh=639eaf853ea1f38b5da04c89f62c6b8a&amp;oe=5E053666\" alt=\"Bildet kan inneholde: tekst\"\/><figcaption>Stjelt fra produsentens F.B side<br><\/figcaption><\/figure>\n\n\n\n<figure class=\"wp-block-image\"><img decoding=\"async\" src=\"https:\/\/scontent.fosl3-2.fna.fbcdn.net\/v\/t31.0-8\/29354748_404253580000042_2635281740451305636_o.jpg?_nc_cat=111&amp;_nc_oc=AQnK9WSex5I0dUCpBsAZUQJ7bE_CP4rbpkiX-23tB3IdlNJ4MoNuE4FbalLxgcbiBYU&amp;_nc_ht=scontent.fosl3-2.fna&amp;oh=d4d964c53d57b4408b854102da8b6469&amp;oe=5E0A70B3\" alt=\"Bildet kan inneholde: hund, utend\u00f8rs og natur\"\/><figcaption>Stj\u00e5let fra Xdogvest FB side. <br>Lommene kan fylles med vekt, og dermed f\u00e5 mer trening utav vesten.<br><\/figcaption><\/figure>\n\n\n\n<p>Jeg tror dette kan v\u00e6re noe for oss. Jeg ser jo at det kan bli et problem med det store fremstykke med bevegelse- men det er noe jeg m\u00e5 teste ut. En kan ogs\u00e5 variere vekt, og dermed \u00f8ke treningsmengden. <\/p>\n\n\n\n<p>Grunnen til at jeg vurderer dette framfor kl\u00f8v. Er fordi denne er enkel \u00e5 sette p\u00e5, en kan varierere vekten kjapt. Den er ikke s\u00e5 stor og bulkete s\u00e5 den hindrer ikke hunden i terrenget.  Det er lettere \u00e5 f\u00e5 jevn vekt som ikke forskyver seg. S\u00e5 jeg gleder meg til \u00e5 pr\u00f8ve den. <\/p>\n\n\n\n<figure class=\"wp-block-image\"><img decoding=\"async\" src=\"https:\/\/scontent.fosl3-2.fna.fbcdn.net\/v\/t1.0-9\/67159609_671283709963693_1651954381794312192_n.jpg?_nc_cat=111&amp;_nc_oc=AQl0KYQyWQD3gPmUfWNx4daY8WLwxdf1NhcUZZZC1UjA3RfXNUx63fqfh2dSXMddMko&amp;_nc_ht=scontent.fosl3-2.fna&amp;oh=e12529661c5f086aec8c4b2d4b935ffa&amp;oe=5DCD5DDA\" alt=\"Bildet kan inneholde: gress, hund, utend\u00f8rs og natur\"\/><\/figure>\n\n\n\n<p>Jeg har \u00f8nsket meg denne fargen her, tror den kan bli bra til Prima.<\/p>\n\n\n\n<p>En kan ogs\u00e5 f\u00e5 fallskjerm til, men det f\u00f8ler jeg pr n\u00e5 er litt overkill. F\u00f8rst f\u00e5r vi se hvordan vesten fungerer.<\/p>\n\n\n\n<p>Pr n\u00e5 skal jeg bare glede meg over at jeg har en fin funksjonell hund uten vondt:)<\/p>\n\n\n\n<p>S\u00e5 m\u00e5 jeg rette en stor takk til de som har hjulpet meg s\u00e5 langt:<\/p>\n\n\n\n<figure class=\"wp-block-image\"><img decoding=\"async\" src=\"https:\/\/scontent.fosl3-2.fna.fbcdn.net\/v\/t1.0-9\/69514421_10162194062640174_8251667151065186304_n.jpg?_nc_cat=108&amp;_nc_oc=AQmk-0WZP4EEpdBMpTavc_WetAo5xOPk_DAPy9U7G8SHSyNLsvaJSu3v9IR4MFgwYVY&amp;_nc_ht=scontent.fosl3-2.fna&amp;oh=fdb51ece5a50bfb7fb4f9595d02b2c41&amp;oe=5E127212\" alt=\"Bildet kan inneholde: folk som sitter og hund\"\/><\/figure>\n\n\n\n<p>Marit Holdhus Mehammer  som driver Enyargi hundeterapi<\/p>\n\n\n\n<p>Anja B.Pedersen ved Dyreklinikken S\u00f8r<\/p>\n\n\n\n<p>Stein Ibanez kiropraktor<\/p>\n\n\n\n<p>Takk til de som har kj\u00f8rt meg, st\u00f8ttet meg og hjulpet meg p\u00e5 veien til en frisk hund- dere vet hvem dere er. <\/p>\n\n\n\n<p>Ekspedisjonen fortsetter med friskt mot, og ser fremover.<\/p>\n","protected":false},"excerpt":{"rendered":"<p>N\u00e5 er vi kommet til september, og vi har den st\u00f8rste utfordringen bak oss. Hvordan ville hun klare seg uten smertestillende, og samtidig konkurrere? Jeg kjente at jeg synes det var skummelt \u00e5 ta ho av smertestillende, det var blitt en fin krykke. Men samtidig har jeg jo v\u00e6rt veldig kritisk til at hun skal &hellip; <a href=\"https:\/\/prima.sysrq.info\/index.php\/2019\/09\/01\/ekspedisjonen-forsetter-2\/\" class=\"more-link\">Fortsett \u00e5 lese <span class=\"screen-reader-text\">Ekspedisjonen forsetter<\/span> <span class=\"meta-nav\">&rarr;<\/span><\/a><\/p>\n","protected":false},"author":2,"featured_media":0,"comment_status":"open","ping_status":"open","sticky":false,"template":"","format":"standard","meta":{"footnotes":""},"categories":[1],"tags":[75,87,139,343,157,198,367],"class_list":["post-5786","post","type-post","status-publish","format-standard","hentry","category-uncategorized","tag-helse","tag-jaktgolden","tag-mosjon","tag-muskler","tag-prima","tag-stevner","tag-xdogvest"],"_links":{"self":[{"href":"https:\/\/prima.sysrq.info\/index.php\/wp-json\/wp\/v2\/posts\/5786","targetHints":{"allow":["GET"]}}],"collection":[{"href":"https:\/\/prima.sysrq.info\/index.php\/wp-json\/wp\/v2\/posts"}],"about":[{"href":"https:\/\/prima.sysrq.info\/index.php\/wp-json\/wp\/v2\/types\/post"}],"author":[{"embeddable":true,"href":"https:\/\/prima.sysrq.info\/index.php\/wp-json\/wp\/v2\/users\/2"}],"replies":[{"embeddable":true,"href":"https:\/\/prima.sysrq.info\/index.php\/wp-json\/wp\/v2\/comments?post=5786"}],"version-history":[{"count":1,"href":"https:\/\/prima.sysrq.info\/index.php\/wp-json\/wp\/v2\/posts\/5786\/revisions"}],"predecessor-version":[{"id":5787,"href":"https:\/\/prima.sysrq.info\/index.php\/wp-json\/wp\/v2\/posts\/5786\/revisions\/5787"}],"wp:attachment":[{"href":"https:\/\/prima.sysrq.info\/index.php\/wp-json\/wp\/v2\/media?parent=5786"}],"wp:term":[{"taxonomy":"category","embeddable":true,"href":"https:\/\/prima.sysrq.info\/index.php\/wp-json\/wp\/v2\/categories?post=5786"},{"taxonomy":"post_tag","embeddable":true,"href":"https:\/\/prima.sysrq.info\/index.php\/wp-json\/wp\/v2\/tags?post=5786"}],"curies":[{"name":"wp","href":"https:\/\/api.w.org\/{rel}","templated":true}]}}