{"id":5904,"date":"2019-11-10T12:05:11","date_gmt":"2019-11-10T11:05:11","guid":{"rendered":"http:\/\/prima.sysrq.info\/?p=5904"},"modified":"2019-11-10T12:05:12","modified_gmt":"2019-11-10T11:05:12","slug":"x-dog-vest-produktomtale","status":"publish","type":"post","link":"https:\/\/prima.sysrq.info\/index.php\/2019\/11\/10\/x-dog-vest-produktomtale\/","title":{"rendered":"x-dog vest, produktomtale"},"content":{"rendered":"\n<p>Jeg husker jeg s\u00e5 dette for vel to-tre \u00e5r siden, og stusset over hva det var. Jeg var ogs\u00e5 litt s\u00e5nn- \u00e5 ja det er for de som driver med s\u00e5nne bullehunder og weightpulling osv. <\/p>\n\n\n\n<figure class=\"wp-block-image\"><img loading=\"lazy\" decoding=\"async\" width=\"1501\" height=\"1001\" src=\"http:\/\/prima.sysrq.info\/wp-content\/uploads\/2019\/11\/IMG_0444-1501x1001.jpg\" alt=\"\" class=\"wp-image-5901\" srcset=\"https:\/\/prima.sysrq.info\/wp-content\/uploads\/2019\/11\/IMG_0444-1501x1001.jpg 1501w, https:\/\/prima.sysrq.info\/wp-content\/uploads\/2019\/11\/IMG_0444-150x100.jpg 150w, https:\/\/prima.sysrq.info\/wp-content\/uploads\/2019\/11\/IMG_0444-300x200.jpg 300w, https:\/\/prima.sysrq.info\/wp-content\/uploads\/2019\/11\/IMG_0444-768x512.jpg 768w, https:\/\/prima.sysrq.info\/wp-content\/uploads\/2019\/11\/IMG_0444.jpg 1920w\" sizes=\"auto, (max-width: 1501px) 100vw, 1501px\" \/><\/figure>\n\n\n\n<p>S\u00e5 fikk jeg skadet hund, og begynte  \u00e5 vurdere flere m\u00e5ter \u00e5 f\u00e5 trent ho p\u00e5. S\u00e5 igjen kikket jeg p\u00e5 disse vestene, spurte flere folk og utdannet fagpersonel hva de synes. <\/p>\n\n\n\n<p>De fleste hadde ikke v\u00e6rt borti det, og hadde lite erfaring med det. De fleste mente at kl\u00f8v var et bedre alternativ.<\/p>\n\n\n\n<figure class=\"wp-block-image\"><img loading=\"lazy\" decoding=\"async\" width=\"1501\" height=\"1001\" src=\"http:\/\/prima.sysrq.info\/wp-content\/uploads\/2019\/11\/IMG_0214-1501x1001.jpg\" alt=\"\" class=\"wp-image-5897\" srcset=\"https:\/\/prima.sysrq.info\/wp-content\/uploads\/2019\/11\/IMG_0214-1501x1001.jpg 1501w, https:\/\/prima.sysrq.info\/wp-content\/uploads\/2019\/11\/IMG_0214-150x100.jpg 150w, https:\/\/prima.sysrq.info\/wp-content\/uploads\/2019\/11\/IMG_0214-300x200.jpg 300w, https:\/\/prima.sysrq.info\/wp-content\/uploads\/2019\/11\/IMG_0214-768x512.jpg 768w, https:\/\/prima.sysrq.info\/wp-content\/uploads\/2019\/11\/IMG_0214.jpg 1920w\" sizes=\"auto, (max-width: 1501px) 100vw, 1501px\" \/><\/figure>\n\n\n\n<p>Som alle sikkert har f\u00e5tt med seg, s\u00e5 gir jeg meg ikke s\u00e5 lett. S\u00e5 jeg begynte \u00e5 f\u00f8lge folk p\u00e5 ulike forum for \u00e5 h\u00f8re og se hva de mente om vesten. De var ulike reaksjoner:<\/p>\n\n\n\n<p>Den hemmet skuldrene<\/p>\n\n\n\n<p>Den var uproposjonelt bygget, s\u00e5 det ble feil belastning<\/p>\n\n\n\n<p>Den var lite utpr\u00f8vd, og visste lite om hva som ville skje med muskulatur p\u00e5 lang sikt. <\/p>\n\n\n\n<p>Den bygget muskler veldig bra<\/p>\n\n\n\n<p>Den var lett \u00e5 bruke<\/p>\n\n\n\n<p>Den hemmet ikke skuldrene<\/p>\n\n\n\n<p>Den ble brukt til alt fra: bedre kondis, fjerne vekt, bygge muskler, bygge  utholdenhet, bygge styrke. <\/p>\n\n\n\n<p>I USA er dette kjent og testet i noen \u00e5r n\u00e5, og jeg har lett men ikke funnet noe s\u00e6rlig negativt. Det har v\u00e6rt noen som mener at remmen foran hindrer skulderaksjon, men det har som regel l\u00f8st seg med en st\u00f8rrelse som passer bedre. <\/p>\n\n\n\n<figure class=\"wp-block-image\"><img loading=\"lazy\" decoding=\"async\" width=\"1501\" height=\"1001\" src=\"http:\/\/prima.sysrq.info\/wp-content\/uploads\/2019\/11\/IMG_0265-1501x1001.jpg\" alt=\"\" class=\"wp-image-5898\" srcset=\"https:\/\/prima.sysrq.info\/wp-content\/uploads\/2019\/11\/IMG_0265-1501x1001.jpg 1501w, https:\/\/prima.sysrq.info\/wp-content\/uploads\/2019\/11\/IMG_0265-150x100.jpg 150w, https:\/\/prima.sysrq.info\/wp-content\/uploads\/2019\/11\/IMG_0265-300x200.jpg 300w, https:\/\/prima.sysrq.info\/wp-content\/uploads\/2019\/11\/IMG_0265-768x512.jpg 768w, https:\/\/prima.sysrq.info\/wp-content\/uploads\/2019\/11\/IMG_0265.jpg 1920w\" sizes=\"auto, (max-width: 1501px) 100vw, 1501px\" \/><\/figure>\n\n\n\n<p>Mine grunner for \u00e5 vurdere og teste selen var:<\/p>\n\n\n\n<p>De fleste fagfolk synes det var veldig positivt at jeg brukt kl\u00f8v<\/p>\n\n\n\n<p>Jeg har selv sm\u00e5plager, og kropp som ikke spiller p\u00e5 lag- da er det greit \u00e5 f\u00e5 noe som kan hjelpe med \u00e5 korte ned turer men allikavel gj\u00f8r de slitne.<\/p>\n\n\n\n<p>Kl\u00f8v er veldig bra, men det er pakking(n\u00f8ye)det er p\u00e5setting(n\u00f8ye), de kan ikke g\u00e5 l\u00f8s i visse typer terreng, og den blir v\u00e5t- da blir alt v\u00e5tt. <\/p>\n\n\n\n<p>Jeg likte ideen om at jeg kunne bruke noe for \u00e5 bygge muskler, og styrke kroppens kjerne uten kl\u00f8v eller sv\u00f8mming. <\/p>\n\n\n\n<p>Vesten kan ogs\u00e5 brukes til l\u00f8ping i vann(sv\u00f8mming frar\u00e5des, eller vis mye aktsomhet)<\/p>\n\n\n\n<figure class=\"wp-block-image\"><img loading=\"lazy\" decoding=\"async\" width=\"600\" height=\"600\" src=\"https:\/\/prima.sysrq.info\/wp-content\/uploads\/2019\/11\/bilde.png\" alt=\"\" class=\"wp-image-5905\" srcset=\"https:\/\/prima.sysrq.info\/wp-content\/uploads\/2019\/11\/bilde.png 600w, https:\/\/prima.sysrq.info\/wp-content\/uploads\/2019\/11\/bilde-150x150.png 150w, https:\/\/prima.sysrq.info\/wp-content\/uploads\/2019\/11\/bilde-300x300.png 300w\" sizes=\"auto, (max-width: 600px) 100vw, 600px\" \/><\/figure>\n\n\n\n<p>Jeg ville gjerne bruke noe som Prima kunne ha p\u00e5 seg, bruke og v\u00e6re l\u00f8s i terrenget. Kl\u00f8v er ikke tilr\u00e5delig i full fart med ulendt terreng, busker, tr\u00e6r,steiner osv. Kjetting er jo i verste fall sv\u00e6rt farlig. Vekt p\u00e5 beina faller fort av. S\u00e5 jeg synes dette virket som en veldig spennende ide.<\/p>\n\n\n\n<p>Jeg leste mer, jeg s\u00f8kte masse rundt for \u00e5 finne ut hvem som solgte osv- og \u00f8nsket meg det i bursdagspresang&#8230; heldigvis s\u00e5 var min familie s\u00e5 fin at de kj\u00f8pte til meg. De har vel skj\u00f8nt at jeg er uhelbredelig n\u00e5r det gjelder hund. <\/p>\n\n\n\n<p>Jeg har n\u00e5 brukt den sju ganger, og ja det er sv\u00e6rt lite- kommer derfor en updatering litt senere. <\/p>\n\n\n\n<p>+den har 8 lommer \u00e5 fylle vekt i, her er det sv\u00e6rt viktig \u00e5 fylle jevnt.OBS- jeg skal innr\u00f8mme at jeg ikke har vekt foran, bare i midtdelen. Jeg har etterhvert fylt i vekt foran, det var fordi hun er vant til kl\u00f8v som ikke har noe foran. <\/p>\n\n\n\n<p>+den har ikke virket hemmende p\u00e5 Prima, og om den hemmer litt s\u00e5 er det ikke s\u00e5 farlig. Den er sjeldent p\u00e5 mer en 60 min av gangen.<\/p>\n\n\n\n<p>+den fungerer supert \u00e5 ha p\u00e5 i terrenget, de f\u00f8rste gangene hadde jeg b\u00e5nd p\u00e5- for \u00e5 l\u00e6re kroppen hennes at den m\u00e5 kompensere for vekten- det har hun n\u00e5 fint l\u00e6rt seg<\/p>\n\n\n\n<p>+den er enkelt \u00e5 ta av og p\u00e5<\/p>\n\n\n\n<p>-lommene er sm\u00e5, og n\u00e5 med 5% vekt er de n\u00e5 fulle av sand, usikker p\u00e5 hva jeg skal bruke som vekt for mer tyngde. I andre land bruker de amunisjon og blykuler- vet ikke helt om det er lurt. <\/p>\n\n\n\n<figure class=\"wp-block-image\"><img loading=\"lazy\" decoding=\"async\" width=\"1501\" height=\"1001\" src=\"http:\/\/prima.sysrq.info\/wp-content\/uploads\/2019\/11\/IMG_0482-1501x1001.jpg\" alt=\"\" class=\"wp-image-5903\" srcset=\"https:\/\/prima.sysrq.info\/wp-content\/uploads\/2019\/11\/IMG_0482-1501x1001.jpg 1501w, https:\/\/prima.sysrq.info\/wp-content\/uploads\/2019\/11\/IMG_0482-150x100.jpg 150w, https:\/\/prima.sysrq.info\/wp-content\/uploads\/2019\/11\/IMG_0482-300x200.jpg 300w, https:\/\/prima.sysrq.info\/wp-content\/uploads\/2019\/11\/IMG_0482-768x512.jpg 768w, https:\/\/prima.sysrq.info\/wp-content\/uploads\/2019\/11\/IMG_0482.jpg 1920w\" sizes=\"auto, (max-width: 1501px) 100vw, 1501px\" \/><\/figure>\n\n\n\n<p>-jeg f\u00f8ler den er kanskje litt stor, det hjalp med f\u00e5 vekt i. <\/p>\n\n\n\n<p>Jeg bestilte limegr\u00f8nn som var under produksjon, og det tok sin tid f\u00f8r jeg fikk den. De finnes i flere farger, og i flere st\u00f8rrelser. <\/p>\n\n\n\n<p>Det finnes ogs\u00e5 andre ting en kan bestille som fallskjerm\/l\u00f8peskjerm??,  poser til trekk osv. <\/p>\n\n\n\n<p>S\u00f8k de opp p\u00e5 FB: x-dogvest<\/p>\n\n\n\n<p>De har ogs\u00e5 egen nettside:<\/p>\n\n\n\n<p><\/p>\n\n\n\n<p><a href=\"https:\/\/xdogvest.com\/\">https:\/\/xdogvest.com\/<\/a><\/p>\n\n\n\n<p>De er ogs\u00e5 p\u00e5 instagram. <\/p>\n\n\n\n<p>Jeg er fremdeles i utpr\u00f8vingsfasen, og m\u00e5 teste enda mer. Men pr n\u00e5 er jeg positiv, og kommer til \u00e5 bruke den jevnlig. <\/p>\n\n\n\n<p><\/p>\n","protected":false},"excerpt":{"rendered":"<p>Jeg husker jeg s\u00e5 dette for vel to-tre \u00e5r siden, og stusset over hva det var. Jeg var ogs\u00e5 litt s\u00e5nn- \u00e5 ja det er for de som driver med s\u00e5nne bullehunder og weightpulling osv. S\u00e5 fikk jeg skadet hund, og begynte \u00e5 vurdere flere m\u00e5ter \u00e5 f\u00e5 trent ho p\u00e5. S\u00e5 igjen kikket jeg &hellip; <a href=\"https:\/\/prima.sysrq.info\/index.php\/2019\/11\/10\/x-dog-vest-produktomtale\/\" class=\"more-link\">Fortsett \u00e5 lese <span class=\"screen-reader-text\">x-dog vest, produktomtale<\/span> <span class=\"meta-nav\">&rarr;<\/span><\/a><\/p>\n","protected":false},"author":2,"featured_media":0,"comment_status":"open","ping_status":"open","sticky":false,"template":"","format":"standard","meta":{"footnotes":""},"categories":[1],"tags":[299,103,343,158,214,374],"class_list":["post-5904","post","type-post","status-publish","format-standard","hentry","category-uncategorized","tag-fysisk-trening","tag-klov","tag-muskler","tag-produktomtale","tag-trening","tag-x-dogvest"],"_links":{"self":[{"href":"https:\/\/prima.sysrq.info\/index.php\/wp-json\/wp\/v2\/posts\/5904","targetHints":{"allow":["GET"]}}],"collection":[{"href":"https:\/\/prima.sysrq.info\/index.php\/wp-json\/wp\/v2\/posts"}],"about":[{"href":"https:\/\/prima.sysrq.info\/index.php\/wp-json\/wp\/v2\/types\/post"}],"author":[{"embeddable":true,"href":"https:\/\/prima.sysrq.info\/index.php\/wp-json\/wp\/v2\/users\/2"}],"replies":[{"embeddable":true,"href":"https:\/\/prima.sysrq.info\/index.php\/wp-json\/wp\/v2\/comments?post=5904"}],"version-history":[{"count":1,"href":"https:\/\/prima.sysrq.info\/index.php\/wp-json\/wp\/v2\/posts\/5904\/revisions"}],"predecessor-version":[{"id":5906,"href":"https:\/\/prima.sysrq.info\/index.php\/wp-json\/wp\/v2\/posts\/5904\/revisions\/5906"}],"wp:attachment":[{"href":"https:\/\/prima.sysrq.info\/index.php\/wp-json\/wp\/v2\/media?parent=5904"}],"wp:term":[{"taxonomy":"category","embeddable":true,"href":"https:\/\/prima.sysrq.info\/index.php\/wp-json\/wp\/v2\/categories?post=5904"},{"taxonomy":"post_tag","embeddable":true,"href":"https:\/\/prima.sysrq.info\/index.php\/wp-json\/wp\/v2\/tags?post=5904"}],"curies":[{"name":"wp","href":"https:\/\/api.w.org\/{rel}","templated":true}]}}