{"id":5918,"date":"2019-12-02T15:38:04","date_gmt":"2019-12-02T14:38:04","guid":{"rendered":"http:\/\/prima.sysrq.info\/?p=5918"},"modified":"2019-12-02T15:38:05","modified_gmt":"2019-12-02T14:38:05","slug":"influensa-og-julekalender","status":"publish","type":"post","link":"https:\/\/prima.sysrq.info\/index.php\/2019\/12\/02\/influensa-og-julekalender\/","title":{"rendered":"influensa og julekalender"},"content":{"rendered":"\n<p>N\u00e5 er desember kommet, og med den kom visst sola ogs\u00e5. Det var deilig- har v\u00e6rt veldig v\u00e5t her hos oss den siste tiden. Da er det ekstra deilig med solstr\u00e5ler.  <\/p>\n\n\n\n<p>Jeg har f\u00e5tt influensa, og fikk etterhvert kreka meg til lege etter \u00e5 ha ikke f\u00e5tt med meg at det tirsdagen var med i ukedagene. Jeg f\u00f8lte meg d\u00e5rlig p\u00e5 mandag ettermiddag-  &laquo;v\u00e5knet&raquo; p\u00e5 onsdag morgen helt i \u00f8rska. Husker sv\u00e6rt lite- men jeg hadde satt d\u00f8ra i ut hagen p\u00e5 gl\u00f8tt s\u00e5 Prima har f\u00e5tt gjort sitt- men sulten var ho. <\/p>\n\n\n\n<p>N\u00e5r jeg er syk, s\u00e5 ligger hun veldig stille, gjerne inntil meg. Og skjelver jeg kraftig s\u00e5 klemmer hun seg tett inntil meg- flinkis. <\/p>\n\n\n\n<p>Ikke noe s\u00e6rlig mas. Det er faktisk verre n\u00e5 som jeg er litt bedre, og har klart \u00e5 gi ho en liten luftetur hver dag- da er ho mer p\u00e5 hugget og synes ho burde ha tur hver dag. Takk og lov for friomr\u00e5de rett bak huset. <\/p>\n\n\n\n<p>Jeg hadde jo planer om \u00e5 lese noe veldig denne m\u00e5neden, jeg har ikke f\u00e5tt lest mye- og s\u00e6rlig ikke faglitteratur.  En m\u00e5 lissom ikke ha feber for \u00e5 forst\u00e5 faglitteratur- hvertfall i mitt tilfelle. <\/p>\n\n\n\n<p>Ellers gikk jeg ogs\u00e5 glipp av et kurs med Siv, det var veldig dumt. Drittlei av \u00e5 v\u00e6re syk, f\u00f8ler at hele h\u00f8sten har v\u00e6rt et eneste langt sykdomstilfelle. N\u00e5 krysser jeg alt jeg har for at jeg blir frisk til neste kurs i desember. <\/p>\n\n\n\n<p>Jeg har heller ikke f\u00e5tt trent Prima som jeg vil, hverken fysisk eller psykisk. Kjedelig. H\u00e5per b\u00e5de kropp og treningslyst sniker seg p\u00e5 snart. <\/p>\n\n\n\n<p>Kos dere i desember, det skal jeg . <\/p>\n\n\n\n<p>Se hvem som fikk \u00e5rets fineste kalender i \u00e5r:)<\/p>\n\n\n\n<figure class=\"wp-block-image\"><img decoding=\"async\" src=\"https:\/\/scontent.fosl3-1.fna.fbcdn.net\/v\/t1.0-9\/p960x960\/78527569_10162643197035174_836195532274663424_o.jpg?_nc_cat=110&amp;_nc_ohc=SdnFa5RbFPMAQnRuLE9R5o9H41GkLjF_FVNBYma6BpHj0i9SZQcxe4z8g&amp;_nc_ht=scontent.fosl3-1.fna&amp;oh=974c8070317b20e997a07d16a80190c5&amp;oe=5E72F9DA\" alt=\"Ingen bildebeskrivelse er tilgjengelig.\"\/><\/figure>\n\n\n\n<p><\/p>\n","protected":false},"excerpt":{"rendered":"<p>N\u00e5 er desember kommet, og med den kom visst sola ogs\u00e5. Det var deilig- har v\u00e6rt veldig v\u00e5t her hos oss den siste tiden. Da er det ekstra deilig med solstr\u00e5ler. Jeg har f\u00e5tt influensa, og fikk etterhvert kreka meg til lege etter \u00e5 ha ikke f\u00e5tt med meg at det tirsdagen var med i &hellip; <a href=\"https:\/\/prima.sysrq.info\/index.php\/2019\/12\/02\/influensa-og-julekalender\/\" class=\"more-link\">Fortsett \u00e5 lese <span class=\"screen-reader-text\">influensa og julekalender<\/span> <span class=\"meta-nav\">&rarr;<\/span><\/a><\/p>\n","protected":false},"author":2,"featured_media":0,"comment_status":"open","ping_status":"open","sticky":false,"template":"","format":"standard","meta":{"footnotes":""},"categories":[1],"tags":[],"class_list":["post-5918","post","type-post","status-publish","format-standard","hentry","category-uncategorized"],"_links":{"self":[{"href":"https:\/\/prima.sysrq.info\/index.php\/wp-json\/wp\/v2\/posts\/5918","targetHints":{"allow":["GET"]}}],"collection":[{"href":"https:\/\/prima.sysrq.info\/index.php\/wp-json\/wp\/v2\/posts"}],"about":[{"href":"https:\/\/prima.sysrq.info\/index.php\/wp-json\/wp\/v2\/types\/post"}],"author":[{"embeddable":true,"href":"https:\/\/prima.sysrq.info\/index.php\/wp-json\/wp\/v2\/users\/2"}],"replies":[{"embeddable":true,"href":"https:\/\/prima.sysrq.info\/index.php\/wp-json\/wp\/v2\/comments?post=5918"}],"version-history":[{"count":1,"href":"https:\/\/prima.sysrq.info\/index.php\/wp-json\/wp\/v2\/posts\/5918\/revisions"}],"predecessor-version":[{"id":5919,"href":"https:\/\/prima.sysrq.info\/index.php\/wp-json\/wp\/v2\/posts\/5918\/revisions\/5919"}],"wp:attachment":[{"href":"https:\/\/prima.sysrq.info\/index.php\/wp-json\/wp\/v2\/media?parent=5918"}],"wp:term":[{"taxonomy":"category","embeddable":true,"href":"https:\/\/prima.sysrq.info\/index.php\/wp-json\/wp\/v2\/categories?post=5918"},{"taxonomy":"post_tag","embeddable":true,"href":"https:\/\/prima.sysrq.info\/index.php\/wp-json\/wp\/v2\/tags?post=5918"}],"curies":[{"name":"wp","href":"https:\/\/api.w.org\/{rel}","templated":true}]}}