{"id":5956,"date":"2020-01-19T20:31:00","date_gmt":"2020-01-19T19:31:00","guid":{"rendered":"http:\/\/prima.sysrq.info\/?p=5956"},"modified":"2020-01-19T20:31:01","modified_gmt":"2020-01-19T19:31:01","slug":"litt-fra-monsen","status":"publish","type":"post","link":"https:\/\/prima.sysrq.info\/index.php\/2020\/01\/19\/litt-fra-monsen\/","title":{"rendered":"Litt fra monsen"},"content":{"rendered":"\n<p>Jeg er akkurat ferdig med boken til Lars Monsen, og sitter igjen med en f\u00f8lelse at jeg akkurat har lest en bok som jeg aldri har lest f\u00f8r, om en mann jeg aldri har m\u00f8tt maken til.<\/p>\n\n\n\n<p>Monsen er kjent her i Norge for \u00e5 v\u00e6re den store turg\u00e5eren, villmarkingen- han som liker seg best ute- i n\u00e6rheten av et b\u00e5l og villmark. Han har vekket min og mange andres natur interesse.<\/p>\n\n\n\n<p>Jeg har v\u00e6rt p\u00e5 flere foredrag med han, og han er veldig inspirerende- \u00e6rlig og real. <\/p>\n\n\n\n<p>I boka fortelles det om b\u00e5l, Monsen er opptatt av b\u00e5l- av \u00e5 b\u00e5le. Mine minner om b\u00e5l er ikke s\u00e5 mange, men lukten og lyden er noe helt spesielt. I \u00e5r har jeg bestemt at min en gang i mnd skal jeg fyre opp b\u00e5l. Sitte der og nyte et b\u00e5l- h\u00f8re lyden, og lukten se hvordan flammene beveger seg. Jeg tror det er en av favorittlydene mine- ved som brenner. Husker n\u00e5r jeg var liten, s\u00e5 hadde vi vedovn p\u00e5 soverrommene-de var av og til s\u00e5 kalde at vi m\u00e5tte fyre f\u00f8r vi la oss. \u00c5 sovne til den lyden&#8230;&#8230; et av mine beste barndomsminner. <\/p>\n\n\n\n<p>Monsen forteller ogs\u00e5 mye om hvordan holdninger og hum\u00f8r sitter mellom \u00f8ra. Han forteller om sm\u00e5ting han irriterer seg over, og hvordan man m\u00e5 ta det. <\/p>\n\n\n\n<p>Her m\u00e5 jeg bli flinkere- jeg er veldig flink til \u00e5 se negativt p\u00e5 ting. Jeg kan g\u00e5 og huffe meg over ting- som ikke skjer.. S\u00e5 bortkasta energi. <\/p>\n\n\n\n<p>kjente meg igjen i det han skrev om \u00e5 st\u00e5 i k\u00f8, v\u00e6re omgitt av mennesker- det er vel ikke akkurat det kjekkeste jeg vet. Ting jeg vet jeg irriterer meg over. <\/p>\n\n\n\n<p>De fineste turene jeg g\u00e5r- er der jeg g\u00e5r i flere timer og ikke m\u00f8ter et mennesket. P\u00e5 d\u00e5rlige dager kan det at jeg m\u00f8ter mennesker nesten \u00f8delegge turen- her igjen m\u00e5 jeg jobbe med det mentale..<\/p>\n\n\n\n<p>Han skriver at han nok oppfattes som s\u00e6r. Det jeg gj\u00f8r ogs\u00e5. Jeg liker \u00e5 v\u00e6re i fred, \u00e5 v\u00e6re alene- stillheten. Folk irriterer seg over at jeg ikke svarer p\u00e5 sms el. Jeg har ikke lyd p\u00e5, s\u00e5 jeg h\u00f8rer ikke n\u00e5r det kommer melding- det er en velsignelse. Jeg liker ikke \u00e5 bli avbrutt i det jeg holder p\u00e5 med av mobilens mas. Kan fint sitte en hel kveld uten lyd, ikke tv, radio, mobil- helt stille. Jeg synes det er veldig mye lyd i denne verden- mye liv, mas og jag. <\/p>\n\n\n\n<p>Samtidig kjenner jeg p\u00e5 en uro, et jag selv. Ikke sl\u00e5 deg til ro- ikke bli noe bedre enn ditt beste. V\u00e6r p\u00e5- v\u00e6r tilstede, v\u00e6r i nuet. Jeg elsker \u00e5 se tv, er jo p\u00e5 det sosiale maset- frivillig. Men samtidig er jeg aldri s\u00e5 lykkelig som n\u00e5r jeg er p\u00e5 hytta uten nett og tv. V\u00e6re ute i naturen og bare v\u00e6re til. <\/p>\n\n\n\n<p>Prima derimot er mer Monsen- hun er!! en naturkraft, lever her og n\u00e5. Bruker tid p\u00e5 viktige ting, og trives best naturen. <\/p>\n\n\n\n<p>Kanskje er det denne uka jeg skal tusle ut, kanskje i m\u00f8rket- fyre et b\u00e5l- og bare kjenne p\u00e5 den f\u00f8lelsen!<\/p>\n\n\n\n<figure class=\"wp-block-image\"><img decoding=\"async\" src=\"https:\/\/lovdata.no\/static\/image\/1216\/bal.jpg?width=1200\" alt=\"Bilderesultat for b\u00e5l\"\/><figcaption>\u00e6rlig og redelig stj\u00e5let\/l\u00e5nt fra Google<\/figcaption><\/figure>\n","protected":false},"excerpt":{"rendered":"<p>Jeg er akkurat ferdig med boken til Lars Monsen, og sitter igjen med en f\u00f8lelse at jeg akkurat har lest en bok som jeg aldri har lest f\u00f8r, om en mann jeg aldri har m\u00f8tt maken til. Monsen er kjent her i Norge for \u00e5 v\u00e6re den store turg\u00e5eren, villmarkingen- han som liker seg best &hellip; <a href=\"https:\/\/prima.sysrq.info\/index.php\/2020\/01\/19\/litt-fra-monsen\/\" class=\"more-link\">Fortsett \u00e5 lese <span class=\"screen-reader-text\">Litt fra monsen<\/span> <span class=\"meta-nav\">&rarr;<\/span><\/a><\/p>\n","protected":false},"author":2,"featured_media":0,"comment_status":"open","ping_status":"open","sticky":false,"template":"","format":"standard","meta":{"footnotes":""},"categories":[1],"tags":[],"class_list":["post-5956","post","type-post","status-publish","format-standard","hentry","category-uncategorized"],"_links":{"self":[{"href":"https:\/\/prima.sysrq.info\/index.php\/wp-json\/wp\/v2\/posts\/5956","targetHints":{"allow":["GET"]}}],"collection":[{"href":"https:\/\/prima.sysrq.info\/index.php\/wp-json\/wp\/v2\/posts"}],"about":[{"href":"https:\/\/prima.sysrq.info\/index.php\/wp-json\/wp\/v2\/types\/post"}],"author":[{"embeddable":true,"href":"https:\/\/prima.sysrq.info\/index.php\/wp-json\/wp\/v2\/users\/2"}],"replies":[{"embeddable":true,"href":"https:\/\/prima.sysrq.info\/index.php\/wp-json\/wp\/v2\/comments?post=5956"}],"version-history":[{"count":1,"href":"https:\/\/prima.sysrq.info\/index.php\/wp-json\/wp\/v2\/posts\/5956\/revisions"}],"predecessor-version":[{"id":5957,"href":"https:\/\/prima.sysrq.info\/index.php\/wp-json\/wp\/v2\/posts\/5956\/revisions\/5957"}],"wp:attachment":[{"href":"https:\/\/prima.sysrq.info\/index.php\/wp-json\/wp\/v2\/media?parent=5956"}],"wp:term":[{"taxonomy":"category","embeddable":true,"href":"https:\/\/prima.sysrq.info\/index.php\/wp-json\/wp\/v2\/categories?post=5956"},{"taxonomy":"post_tag","embeddable":true,"href":"https:\/\/prima.sysrq.info\/index.php\/wp-json\/wp\/v2\/tags?post=5956"}],"curies":[{"name":"wp","href":"https:\/\/api.w.org\/{rel}","templated":true}]}}