{"id":63,"date":"2013-12-18T10:09:04","date_gmt":"2013-12-18T10:09:04","guid":{"rendered":"http:\/\/gyldenlykke.wordpress.com\/?p=63"},"modified":"2013-12-18T10:09:04","modified_gmt":"2013-12-18T10:09:04","slug":"4-maneder","status":"publish","type":"post","link":"https:\/\/prima.sysrq.info\/index.php\/2013\/12\/18\/4-maneder\/","title":{"rendered":"4 m\u00e5neder"},"content":{"rendered":"<p>Det er helt sn\u00e5lt at ho allerede er 4 mnd. Ho har jo just kommet inn d\u00f8ra???&#8230;..<\/p>\n<p>Men uansett: grattis med dagen til verdens beste lille gullklump.<br \/>\nDu passer s\u00e5 til navnet ditt PRIMA!!!<\/p>\n<p>Her er noen av dagens m\u00e5linger: <\/p>\n<p>Vekt: 13kg<br \/>\nH\u00f8yde: 47-49 var ikke helt lett det der<br \/>\nLengde:53 cm<br \/>\nhals: 32<\/p>\n<p>Ho er virkelig ei lita tuppe:)<\/p>\n<p>I forhold s\u00e5 var dalmisen i samme alder:<br \/>\nVekt:16kg<br \/>\nH\u00f8yde: 47 faktisk akkurat like h\u00f8y, og hun ble jo 59 til slutt.<br \/>\nLengde: 57<\/p>\n<p>Ble litt forfjamset over noen som mente at h\u00f8yde som 3mnd +10 cm blir voksenh\u00f8yden, da blir Prima LITEN. Men det gj\u00f8r jo ingenting. <\/p>\n<p>N\u00e5 er ho i tannfellinga, og jeg har ikke funnet noen tenner&#8230;<br \/>\nEllers har ho v\u00e6rt en kosete sykepleier mens jeg har v\u00e6rt syk, dog merker jeg litt mer lopper i blodet:)<br \/>\nApporten har l\u00f8snet HURRA. Jeg ble s\u00e5 glad at jeg jublet ut min lykke, og tok litt av i min glede over dette at Prima ble i det store og hele litt betenkt..!<br \/>\nDet vi har under kontroll n\u00e5 er:<br \/>\nSosialisering er vel under kontroll jeg tror hun har truffet s\u00e5pass masse hunder at det ikke er noe fare. Jeg kommer til \u00e5 fortsette \u00e5 la henne m\u00f8te fine, gode hunder.<br \/>\nMilj\u00f8trening: her har vi vel dekket nesten alt, utenom store husdyr, flyplass og skyteplass.<br \/>\nLydiget: nja her trenes alt inne med glede og galskap, jeg vil ikke kalle henne lydig.<br \/>\nMen hun kan: sitt, dekk, bli posisjon, target b\u00e5de h\u00e5nd, musematte og targetstick. St\u00e5, kom, kontakt. Er ogs\u00e5 inne. Apporten er under arbeid, samme med sm\u00e5 triks som rygging, fire ben i boks, st\u00e5 p\u00e5 ting. Skal begynne med kasse metoden. <\/p>\n<p>Avknappen er veldig bra inne, m\u00e5 jobbes litt mer med ute men det hadde jeg regnet med.<br \/>\nDet er blitt mindre lyd n\u00e5r hun stresser, men hun piper n\u00e5r hun kjeder seg, eller frustrert. Noe \u00e5 huske p\u00e5 i treningen.<\/p>\n<p>Jeg er utrolig forn\u00f8yd med denne blide, glade, g\u00e6rne herlige valpen min:<\/p>\n<p><a href=\"http:\/\/s1365.photobucket.com\/user\/debej\/media\/Primadag4-7268_zpscccde616.jpg.html\" target=\"_blank\"><img decoding=\"async\" src=\"http:\/\/i1365.photobucket.com\/albums\/r756\/debej\/Primadag4-7268_zpscccde616.jpg\" border=\"0\" alt=\" photo Primadag4-7268_zpscccde616.jpg\" \/><\/a><br \/>\nPrima 10 uker<br \/>\n<a href=\"http:\/\/s1365.photobucket.com\/user\/debej\/media\/Primadag4-7150_zps636aeb72.jpg.html\" target=\"_blank\"><img decoding=\"async\" src=\"http:\/\/i1365.photobucket.com\/albums\/r756\/debej\/Primadag4-7150_zps636aeb72.jpg\" border=\"0\" alt=\" photo Primadag4-7150_zps636aeb72.jpg\" \/><\/a><\/p>\n<p>Prima 4 mnd<br \/>\n<a href=\"http:\/\/s1365.photobucket.com\/user\/debej\/media\/2013\/divdesember147_zpsa9407953.jpg.html\" target=\"_blank\"><img decoding=\"async\" src=\"http:\/\/i1365.photobucket.com\/albums\/r756\/debej\/2013\/divdesember147_zpsa9407953.jpg\" border=\"0\" alt=\" photo divdesember147_zpsa9407953.jpg\" \/><\/a><\/p>\n<p><a href=\"http:\/\/s1365.photobucket.com\/user\/debej\/media\/2013\/divdesember014_zps3e8c1ff0.jpg.html\" target=\"_blank\"><img decoding=\"async\" src=\"http:\/\/i1365.photobucket.com\/albums\/r756\/debej\/2013\/divdesember014_zps3e8c1ff0.jpg\" border=\"0\" alt=\" photo divdesember014_zps3e8c1ff0.jpg\" \/><\/a><\/p>\n<p>Dagen skal feires med skogtur, r\u00e5 mat og en tante \u00e5 kysse p\u00e5!! Fin fin dag!<\/p>\n","protected":false},"excerpt":{"rendered":"<p>Det er helt sn\u00e5lt at ho allerede er 4 mnd. Ho har jo just kommet inn d\u00f8ra???&#8230;.. Men uansett: grattis med dagen til verdens beste lille gullklump. Du passer s\u00e5 til navnet ditt PRIMA!!! Her er noen av dagens m\u00e5linger: Vekt: 13kg H\u00f8yde: 47-49 var ikke helt lett det der Lengde:53 cm hals: 32 Ho &hellip; <a href=\"https:\/\/prima.sysrq.info\/index.php\/2013\/12\/18\/4-maneder\/\" class=\"more-link\">Fortsett \u00e5 lese <span class=\"screen-reader-text\">4 m\u00e5neder<\/span> <span class=\"meta-nav\">&rarr;<\/span><\/a><\/p>\n","protected":false},"author":2,"featured_media":0,"comment_status":"open","ping_status":"open","sticky":false,"template":"","format":"standard","meta":{"footnotes":""},"categories":[1],"tags":[10,22,66,73,83,87,114,119,125,130,157,223,229],"class_list":["post-63","post","type-post","status-publish","format-standard","hentry","category-uncategorized","tag-avknapp","tag-bilder","tag-golden-retriever","tag-hoyde","tag-innkalling","tag-jaktgolden","tag-kroppsprak","tag-lek","tag-lyd-cd","tag-malinger","tag-prima","tag-valp","tag-vekt"],"_links":{"self":[{"href":"https:\/\/prima.sysrq.info\/index.php\/wp-json\/wp\/v2\/posts\/63","targetHints":{"allow":["GET"]}}],"collection":[{"href":"https:\/\/prima.sysrq.info\/index.php\/wp-json\/wp\/v2\/posts"}],"about":[{"href":"https:\/\/prima.sysrq.info\/index.php\/wp-json\/wp\/v2\/types\/post"}],"author":[{"embeddable":true,"href":"https:\/\/prima.sysrq.info\/index.php\/wp-json\/wp\/v2\/users\/2"}],"replies":[{"embeddable":true,"href":"https:\/\/prima.sysrq.info\/index.php\/wp-json\/wp\/v2\/comments?post=63"}],"version-history":[{"count":0,"href":"https:\/\/prima.sysrq.info\/index.php\/wp-json\/wp\/v2\/posts\/63\/revisions"}],"wp:attachment":[{"href":"https:\/\/prima.sysrq.info\/index.php\/wp-json\/wp\/v2\/media?parent=63"}],"wp:term":[{"taxonomy":"category","embeddable":true,"href":"https:\/\/prima.sysrq.info\/index.php\/wp-json\/wp\/v2\/categories?post=63"},{"taxonomy":"post_tag","embeddable":true,"href":"https:\/\/prima.sysrq.info\/index.php\/wp-json\/wp\/v2\/tags?post=63"}],"curies":[{"name":"wp","href":"https:\/\/api.w.org\/{rel}","templated":true}]}}