{"id":6342,"date":"2020-10-23T13:30:47","date_gmt":"2020-10-23T11:30:47","guid":{"rendered":"http:\/\/prima.sysrq.info\/?p=6342"},"modified":"2020-10-23T13:30:47","modified_gmt":"2020-10-23T11:30:47","slug":"underlige-ting","status":"publish","type":"post","link":"https:\/\/prima.sysrq.info\/index.php\/2020\/10\/23\/underlige-ting\/","title":{"rendered":"Underlige ting"},"content":{"rendered":"\n<p>Jeg har ligget syk i noen dager, heldigvis har jeg fantastiske venner som kan ta Prima, og godt var det for formen har v\u00e6rt elendig. <\/p>\n\n\n\n<p>N\u00e5 skal jeg skrive om ting som er underlig, ting jeg ikke skj\u00f8nner selv og ting jeg selv synes er rart. <\/p>\n\n\n\n<p>Det f\u00f8rste er en av de foreg\u00e5ende nettene, da var Prima hentet. Jeg mener at jeg var v\u00e5ken, skalv av frostrier- og kjente helt tydelig en varm hundekropp under dyna som jeg trykket meg godt inntil . Jeg koste oss med \u00f8ret som var glatth\u00e5ret, og veldig mykt- slikt som Zebra min forrige hund hadde. Feberfantasi?? Aner ikke.. Men i de verste timene der s\u00e5 var det stor tr\u00f8st. <\/p>\n\n\n\n<p>En annen gang var jeg og gikk tur med en av mine hunder p\u00e5 et sted vi hadde g\u00e5tt flere ganger f\u00f8r, denne gangen nektet hunden min \u00e5 g\u00e5 videre, nakkeh\u00e5rene sto- og hunden knurret. Vi snudde og gikk hjem. Senere fikk jeg vite at dagen f\u00f8r hadde en mann skutt seg der. <\/p>\n\n\n\n<p>En annen gang v\u00e5knet jeg midt p\u00e5 natten og kjente p\u00e5 en veldig sorg, og fikk opp i tankene om en hund jeg kjente godt. N\u00e5r jeg kom hjem fra ferie fikk jeg vite at hunden hadde d\u00f8dd den natten. <\/p>\n\n\n\n<p>Lala var nok en av de hundene jeg har hatt som har v\u00e6rt mest sensitiv- hun nektet \u00e5 g\u00e5 inn p\u00e5 kirkeg\u00e5rder hvis det nylig hadde v\u00e6rt begravelse der, hun nektet \u00e5 g\u00e5 inn hos dyrlegen hvis et annet dyr var avlivet like f\u00f8r, og hun kunne snu midt p\u00e5 tur og ville hjem. N\u00e5r vi sjekket var det trolig et d\u00f8dt dyr e.l. <\/p>\n\n\n\n<p>Prima har aldri vist noen slike tegn, men av og til s\u00e5 f\u00f8ler jeg at Zebra viser seg gjennom Prima, ved at Prima gj\u00f8r ting som er  helt ute av karakter for ho- men var veldig typisk Zebra. Har opplevd det med andre ogs\u00e5, og vi f\u00e5r frysninger. <\/p>\n\n\n\n<p>Hva som skjedde den natta aner jeg ikke, men jeg tror faktisk noen passet p\u00e5 meg. <\/p>\n\n\n\n<p>Har dere opplevd merkelig ting med deres dyr? <\/p>\n\n\n\n<figure class=\"wp-block-image size-large is-style-rounded\"><img loading=\"lazy\" decoding=\"async\" width=\"1501\" height=\"1001\" src=\"http:\/\/prima.sysrq.info\/wp-content\/uploads\/2020\/05\/IMG_2090-1501x1001.jpg\" alt=\"\" class=\"wp-image-6067\" srcset=\"https:\/\/prima.sysrq.info\/wp-content\/uploads\/2020\/05\/IMG_2090-1501x1001.jpg 1501w, https:\/\/prima.sysrq.info\/wp-content\/uploads\/2020\/05\/IMG_2090-300x200.jpg 300w, https:\/\/prima.sysrq.info\/wp-content\/uploads\/2020\/05\/IMG_2090-150x100.jpg 150w, https:\/\/prima.sysrq.info\/wp-content\/uploads\/2020\/05\/IMG_2090-768x512.jpg 768w, https:\/\/prima.sysrq.info\/wp-content\/uploads\/2020\/05\/IMG_2090-1536x1024.jpg 1536w, https:\/\/prima.sysrq.info\/wp-content\/uploads\/2020\/05\/IMG_2090.jpg 1920w\" sizes=\"auto, (max-width: 1501px) 100vw, 1501px\" \/><\/figure>\n","protected":false},"excerpt":{"rendered":"<p>Jeg har ligget syk i noen dager, heldigvis har jeg fantastiske venner som kan ta Prima, og godt var det for formen har v\u00e6rt elendig. N\u00e5 skal jeg skrive om ting som er underlig, ting jeg ikke skj\u00f8nner selv og ting jeg selv synes er rart. Det f\u00f8rste er en av de foreg\u00e5ende nettene, da &hellip; <a href=\"https:\/\/prima.sysrq.info\/index.php\/2020\/10\/23\/underlige-ting\/\" class=\"more-link\">Fortsett \u00e5 lese <span class=\"screen-reader-text\">Underlige ting<\/span> <span class=\"meta-nav\">&rarr;<\/span><\/a><\/p>\n","protected":false},"author":2,"featured_media":0,"comment_status":"open","ping_status":"open","sticky":false,"template":"","format":"standard","meta":{"footnotes":""},"categories":[1],"tags":[398,364,396,397],"class_list":["post-6342","post","type-post","status-publish","format-standard","hentry","category-uncategorized","tag-dod","tag-minner","tag-overnaturlig","tag-sanser"],"_links":{"self":[{"href":"https:\/\/prima.sysrq.info\/index.php\/wp-json\/wp\/v2\/posts\/6342","targetHints":{"allow":["GET"]}}],"collection":[{"href":"https:\/\/prima.sysrq.info\/index.php\/wp-json\/wp\/v2\/posts"}],"about":[{"href":"https:\/\/prima.sysrq.info\/index.php\/wp-json\/wp\/v2\/types\/post"}],"author":[{"embeddable":true,"href":"https:\/\/prima.sysrq.info\/index.php\/wp-json\/wp\/v2\/users\/2"}],"replies":[{"embeddable":true,"href":"https:\/\/prima.sysrq.info\/index.php\/wp-json\/wp\/v2\/comments?post=6342"}],"version-history":[{"count":1,"href":"https:\/\/prima.sysrq.info\/index.php\/wp-json\/wp\/v2\/posts\/6342\/revisions"}],"predecessor-version":[{"id":6343,"href":"https:\/\/prima.sysrq.info\/index.php\/wp-json\/wp\/v2\/posts\/6342\/revisions\/6343"}],"wp:attachment":[{"href":"https:\/\/prima.sysrq.info\/index.php\/wp-json\/wp\/v2\/media?parent=6342"}],"wp:term":[{"taxonomy":"category","embeddable":true,"href":"https:\/\/prima.sysrq.info\/index.php\/wp-json\/wp\/v2\/categories?post=6342"},{"taxonomy":"post_tag","embeddable":true,"href":"https:\/\/prima.sysrq.info\/index.php\/wp-json\/wp\/v2\/tags?post=6342"}],"curies":[{"name":"wp","href":"https:\/\/api.w.org\/{rel}","templated":true}]}}